{"id":250729,"date":"2025-07-08T01:19:15","date_gmt":"2025-07-08T01:19:15","guid":{"rendered":"https:\/\/www.europesays.com\/de\/250729\/"},"modified":"2025-07-08T01:19:15","modified_gmt":"2025-07-08T01:19:15","slug":"achtung-grossbrand-in-containerdorf-in-der-mombacher-strasse-in-mainz-feuerwehr-warnt-vor-starker-rauchentwicklung","status":"publish","type":"post","link":"https:\/\/www.europesays.com\/de\/250729\/","title":{"rendered":"ACHTUNG&#038;: Gro\u00dfbrand in Containerdorf in der Mombacher Stra\u00dfe in Mainz &#8211; Feuerwehr warnt vor starker Rauchentwicklung"},"content":{"rendered":"<p><strong>UPDATE&amp;: <\/strong>In Mainz gibt es aktuell einen Gro\u00dfbrand: In der Mombacher Stra\u00dfe in H\u00f6he der Hochstra\u00dfe gebe es einen Gro\u00dfbrand in einem B\u00fcrocontainer-Dorf, teilte die Feuerwehr Mainz um 1.15 Uhr mit, und warnte: Es komme zu einer starken Rauchentwicklung. Haltet bitte vorsorglich Fenster und T\u00fcren geschlossen, ob gef\u00e4hrliche Stoffe austreten und eine Bev\u00f6lkerungswarnung n\u00f6tig ist, wird derzeit noch gepr\u00fcft. Inzwischen gibt es auch eine offizielle Warnmeldung via NINA und Katwarn.<\/p>\n<p><img loading=\"lazy\" decoding=\"async\" class=\"wp-image-56248\" src=\"https:\/\/www.europesays.com\/de\/wp-content\/uploads\/2025\/07\/Hochbruecke-Mombach-mit-Kreuzung-und-Kaserne-2021-kleiner-300x195.jpg\" alt=\"Die Kreuzung Mombacher Stra\u00dfe, Ecke Rheingauwall im Jahr 2021, kurz vor der Sperrung der Hochbr\u00fccke: In diesem Bereich gibt es aktuell einen Gro\u00dfbrand. - Foto: gik\" width=\"380\" height=\"247\"  \/>Die Kreuzung Mombacher Stra\u00dfe, Ecke Rheingauwall im Jahr 2021, kurz vor der Sperrung der Hochbr\u00fccke: In diesem Bereich gibt es aktuell einen Gro\u00dfbrand. \u2013 Foto: gik<\/p>\n<p>Wie die Feuerwehr auf Mainz&amp;-Anfrage mitteilte, wurde der Brand offenbar um kurz vor 1.00 Uhr in der Nacht zum Dienstag gemeldet. Ein Dorf aus B\u00fcrocontainern brenne, \u201eaktuell steht alles in Flammen\u201c, sagte Feuerwehrsprecher Michael Ehresmann. Der Brandort befinde sich in H\u00f6he Mombacher Stra\u00dfe, Ecke Rheingauwall im Bereich der Bahngleise. Es sei \u201eein massiver L\u00f6schangriff\u201c n\u00f6tig, die Feuerwehr habe bereits weitere Kr\u00e4fte nachgefordert.<\/p>\n<p>In einer Erstmeldung hie\u00df es zudem, es komme zu einer starken Rauchentwicklung. Ehresmann berichtete, aktuell werde gepr\u00fcft, ob eine offizielle Bev\u00f6lkerungswarnung \u00fcber Warnapps und Rundfunk n\u00f6tig sei. Von gelagerten Gefahrstoffen an dem Brandort gehe man derzeit aber nicht aus. Solltet Ihr in dem Bereich wohnen, empfehlen wir Euch trotzdem, Fenster und T\u00fcren geschlossen zu halten: Bei Br\u00e4nden entstehen praktisch immer giftige Stoffe, wenn Baumaterialien in Flammen stehen \u2013 <a href=\"https:\/\/mainzund.de\/baustellenbrand-am-hildegardis-mainz-zehn-bauarbeiter-verletzt-giftige-daempfe-durch-brennende-baumaterialien\/\" target=\"_blank\" rel=\"noopener\">mehr dazu lest Ihr hier bei Mainz&amp;<\/a>.<\/p>\n<p>&#8211; Werbung &#8211; <a href=\"https:\/\/mainzund.de\/werben-auf-mainzund\/\/\" target=\"_blank\" rel=\"noopener\"><img loading=\"lazy\" decoding=\"async\" class=\"alignnone\" src=\"https:\/\/www.europesays.com\/de\/wp-content\/uploads\/2025\/06\/Banner-Tulpen-Text-neu-1068.jpg\" alt=\"Werben auf Mainz&amp;\" width=\"468\" height=\"60\"\/><\/a><\/p>\n<p><strong>UPDATE&amp;:<\/strong> Um 01.49 Uhr gab die Feuerwehr Mainz eine offizielle Warnung \u00fcber die Warnapps NINA und Katwarn heraus. Darin wird nun vor starker Rauchentwicklung in der Mainzer Neustadt, sowie in einem Gro\u00dfteil der Mainzer Innenstadt gewarnt. Je nach Windrichtung k\u00f6nne es zu Sichtbehinderungen und Geruchsbel\u00e4stigungen kommen\u201c, hei\u00dft es in der Meldung weiter.\u00a0 Bitte meidet das betroffene Gebiet, sachlie\u00dft Fenster und T\u00fcren und schaltet L\u00fcftungen und Klimaanlagen aus.<\/p>\n<p><strong>Info&amp; auf Mainz&amp;:<\/strong> Wir bleiben an der Entwicklung nat\u00fcrlich dran und aktualisieren den Text, sobald es neue Informationen gibt.<\/p>\n<p>Werbung<\/p>\n<p><a href=\"https:\/\/www.paypal.com\/donate\/?hosted_button_id=U2JXRHJU55VTQ\" target=\"_blank\" aria-label=\"Grafik Kauf mir ein Glas Wein\" rel=\"noopener\"><img fetchpriority=\"high\" decoding=\"async\" src=\"https:\/\/www.europesays.com\/de\/wp-content\/uploads\/2025\/07\/Grafik-Kauf-mir-ein-Glas-Wein.jpg\" alt=\"\"   width=\"480\" height=\"252\"\/><\/a><\/p>\n<p>\u00a0<\/p>\n<p>\u00a0<\/p>\n","protected":false},"excerpt":{"rendered":"UPDATE&amp;: In Mainz gibt es aktuell einen Gro\u00dfbrand: In der Mombacher Stra\u00dfe in H\u00f6he der Hochstra\u00dfe gebe es&hellip;\n","protected":false},"author":2,"featured_media":250730,"comment_status":"","ping_status":"","sticky":false,"template":"","format":"standard","meta":{"footnotes":""},"categories":[1847],"tags":[3364,29,548,663,3934,77020,30,77021,13,2052,77022,14,15,12,4544],"class_list":{"0":"post-250729","1":"post","2":"type-post","3":"status-publish","4":"format-standard","5":"has-post-thumbnail","7":"category-wiesbaden","8":"tag-de","9":"tag-deutschland","10":"tag-eu","11":"tag-europa","12":"tag-europe","13":"tag-feuerwehr-mainz","14":"tag-germany","15":"tag-grossbrand-mainz","16":"tag-headlines","17":"tag-hessen","18":"tag-mombacher-strasse","19":"tag-nachrichten","20":"tag-news","21":"tag-schlagzeilen","22":"tag-wiesbaden"},"share_on_mastodon":{"url":"https:\/\/pubeurope.com\/@de\/114814986864529901","error":""},"_links":{"self":[{"href":"https:\/\/www.europesays.com\/de\/wp-json\/wp\/v2\/posts\/250729","targetHints":{"allow":["GET"]}}],"collection":[{"href":"https:\/\/www.europesays.com\/de\/wp-json\/wp\/v2\/posts"}],"about":[{"href":"https:\/\/www.europesays.com\/de\/wp-json\/wp\/v2\/types\/post"}],"author":[{"embeddable":true,"href":"https:\/\/www.europesays.com\/de\/wp-json\/wp\/v2\/users\/2"}],"replies":[{"embeddable":true,"href":"https:\/\/www.europesays.com\/de\/wp-json\/wp\/v2\/comments?post=250729"}],"version-history":[{"count":0,"href":"https:\/\/www.europesays.com\/de\/wp-json\/wp\/v2\/posts\/250729\/revisions"}],"wp:featuredmedia":[{"embeddable":true,"href":"https:\/\/www.europesays.com\/de\/wp-json\/wp\/v2\/media\/250730"}],"wp:attachment":[{"href":"https:\/\/www.europesays.com\/de\/wp-json\/wp\/v2\/media?parent=250729"}],"wp:term":[{"taxonomy":"category","embeddable":true,"href":"https:\/\/www.europesays.com\/de\/wp-json\/wp\/v2\/categories?post=250729"},{"taxonomy":"post_tag","embeddable":true,"href":"https:\/\/www.europesays.com\/de\/wp-json\/wp\/v2\/tags?post=250729"}],"curies":[{"name":"wp","href":"https:\/\/api.w.org\/{rel}","templated":true}]}}