{"id":250731,"date":"2025-07-08T01:20:18","date_gmt":"2025-07-08T01:20:18","guid":{"rendered":"https:\/\/www.europesays.com\/de\/250731\/"},"modified":"2025-07-08T01:20:18","modified_gmt":"2025-07-08T01:20:18","slug":"neuer-955-geschichtspfad-folgt-den-spuren-der-schlacht-auf-dem-lechfeld","status":"publish","type":"post","link":"https:\/\/www.europesays.com\/de\/250731\/","title":{"rendered":"Neuer \u201e955 Geschichtspfad\u201c folgt den Spuren der Schlacht auf dem Lechfeld"},"content":{"rendered":"<p>Als die Ungarn 955 Augsburg belagerten, setzte K\u00f6nig Otto I. auf Panzerreiter \u2013 und diese verhalfen dem Heer des Augsburger Bischofs Ulrich schlie\u00dflich zum Sieg in der Schlacht auf dem Lechfeld. \u00dcber tausend Jahre sp\u00e4ter begr\u00fc\u00dft K\u00f6nigsbrunns B\u00fcrgermeisters Franz Feigl in Panzerreiter-R\u00fcstung G\u00e4ste aus Schwaben, Sachsen-Anhalt und Ungarn. Gemeinsam wird die Fertigstellung des \u201e955 Geschichtspfad\u201c gefeiert. Dieser f\u00fchrt zu Stationen der Lechfeldschlacht.<\/p>\n<p>Weiterlesen mit<\/p>\n<p>                                                                                <img decoding=\"async\" src=\"https:\/\/www.europesays.com\/de\/wp-content\/uploads\/2025\/04\/donaukurier-plus.png\" alt=\"Plus-Logo\" class=\"paywall-image\"\/><\/p>\n<p class=\"text-center\">\n            Sie sind bereits registriert oder Plus-Abonnent?<\/p>\n<p>                Hier anmelden<\/p>\n","protected":false},"excerpt":{"rendered":"Als die Ungarn 955 Augsburg belagerten, setzte K\u00f6nig Otto I. auf Panzerreiter \u2013 und diese verhalfen dem Heer&hellip;\n","protected":false},"author":2,"featured_media":250732,"comment_status":"","ping_status":"","sticky":false,"template":"","format":"standard","meta":{"footnotes":""},"categories":[1846],"tags":[680,772,3364,29,548,663,3934,30,13,14,15,12],"class_list":{"0":"post-250731","1":"post","2":"type-post","3":"status-publish","4":"format-standard","5":"has-post-thumbnail","7":"category-augsburg","8":"tag-augsburg","9":"tag-bayern","10":"tag-de","11":"tag-deutschland","12":"tag-eu","13":"tag-europa","14":"tag-europe","15":"tag-germany","16":"tag-headlines","17":"tag-nachrichten","18":"tag-news","19":"tag-schlagzeilen"},"share_on_mastodon":{"url":"https:\/\/pubeurope.com\/@de\/114814990704044244","error":""},"_links":{"self":[{"href":"https:\/\/www.europesays.com\/de\/wp-json\/wp\/v2\/posts\/250731","targetHints":{"allow":["GET"]}}],"collection":[{"href":"https:\/\/www.europesays.com\/de\/wp-json\/wp\/v2\/posts"}],"about":[{"href":"https:\/\/www.europesays.com\/de\/wp-json\/wp\/v2\/types\/post"}],"author":[{"embeddable":true,"href":"https:\/\/www.europesays.com\/de\/wp-json\/wp\/v2\/users\/2"}],"replies":[{"embeddable":true,"href":"https:\/\/www.europesays.com\/de\/wp-json\/wp\/v2\/comments?post=250731"}],"version-history":[{"count":0,"href":"https:\/\/www.europesays.com\/de\/wp-json\/wp\/v2\/posts\/250731\/revisions"}],"wp:featuredmedia":[{"embeddable":true,"href":"https:\/\/www.europesays.com\/de\/wp-json\/wp\/v2\/media\/250732"}],"wp:attachment":[{"href":"https:\/\/www.europesays.com\/de\/wp-json\/wp\/v2\/media?parent=250731"}],"wp:term":[{"taxonomy":"category","embeddable":true,"href":"https:\/\/www.europesays.com\/de\/wp-json\/wp\/v2\/categories?post=250731"},{"taxonomy":"post_tag","embeddable":true,"href":"https:\/\/www.europesays.com\/de\/wp-json\/wp\/v2\/tags?post=250731"}],"curies":[{"name":"wp","href":"https:\/\/api.w.org\/{rel}","templated":true}]}}