{"id":250733,"date":"2025-07-08T01:21:14","date_gmt":"2025-07-08T01:21:14","guid":{"rendered":"https:\/\/www.europesays.com\/de\/250733\/"},"modified":"2025-07-08T01:21:14","modified_gmt":"2025-07-08T01:21:14","slug":"mannheim-grosse-sonderausstellung-essen-und-trinken-endet-am-27-juli-und-lockt-mit-einer-besonderen-fuehrung-mrn-news-de","status":"publish","type":"post","link":"https:\/\/www.europesays.com\/de\/250733\/","title":{"rendered":"Mannheim \u2013 Gro\u00dfe Sonderausstellung \u201eEssen und Trinken\u201d endet am 27. Juli und lockt mit einer besonderen F\u00fchrung \u2013 \/\/\/ MRN-News.de"},"content":{"rendered":"<p><img loading=\"lazy\" decoding=\"async\" src=\"https:\/\/www.europesays.com\/de\/wp-content\/uploads\/2025\/07\/ESSEN300_Koerperreismpression_03_MSAAA.jpg\" alt=\"\" width=\"500\" height=\"750\" class=\"size-full wp-image-592687\"  \/>Blick in die Sonderausstellung \u201eEssen und Trinken\u201d \u00a9 rem, Foto: Michelle StriegelMannheim \/ Metropolregion Rhein-Neckar(red\/ak) \u2013 Nur noch bis 27. Juli laden die Reiss-Engelhorn-Museen mit der gro\u00dfen Sonderausstellung \u201eEssen und Trinken\u201d in gleich zwei Geb\u00e4uden zu spannenden Erlebnisreisen ein. Im Museum Zeughaus werden die Uhren um Jahrtausende zur\u00fcckgedreht. Rund 300 au\u00dfergew\u00f6hnliche Exponate erz\u00e4hlen faszinierende Ess- und Trinkgeschichten \u2013 von der Altsteinzeit bis in die Zukunft. Im Museum Weltkulturen geht es in eine fabelhafte Wunderwelt: unseren eigenen K\u00f6rper. Die Besucherinnen und Besucher folgen der Nahrung durch ein Tunnelsystem und entdecken an interaktiven Stationen, was im Mund, dem Magen und dem Darm mit Salat, Burger oder Kuchen passiert.<\/p>\n<p>Am Donnerstag, den 24. Juli steht eine Spezial-F\u00fchrung durch den K\u00f6rperreise-Teil auf dem Programm. Die F\u00fchrung um 17:30 Uhr \u00fcbernimmt Dr. med. Felix Gruner. Er ist Facharzt f\u00fcr Innere Medizin, Gastroenterologie, Endokrinologie und Diabetologie. Der Experte erl\u00e4utert aus seiner Perspektive die Wunder unseres K\u00f6rpers und gibt interessante Einblicke in die Funktionsweise unseres Verdauungssystems. Bei einem anschlie\u00dfenden Umtrunk haben die Teilnehmenden Gelegenheit, mit Dr. Gruner ins Gespr\u00e4ch zu kommen. Treffpunkt ist an der Kasse im Museum Weltkulturen D5. Die Teilnahmegeb\u00fchr betr\u00e4gt 24 Euro. Tickets im Vorverkauf sind im Online-Shop der Reiss-Engelhorn-Museen unter https:\/\/shop.rem-mannheim.de oder an der Museumskasse erh\u00e4ltlich.<\/p>\n<p>www.rem-mannheim.de<\/p>\n<p>Quelle: Reiss-Engelhorn-Museen<\/p>\n","protected":false},"excerpt":{"rendered":"Blick in die Sonderausstellung \u201eEssen und Trinken\u201d \u00a9 rem, Foto: Michelle StriegelMannheim \/ Metropolregion Rhein-Neckar(red\/ak) \u2013 Nur noch&hellip;\n","protected":false},"author":2,"featured_media":250734,"comment_status":"","ping_status":"","sticky":false,"template":"","format":"standard","meta":{"footnotes":""},"categories":[1845],"tags":[61836,1634,3364,29,26417,64997,3688,548,663,3934,77023,30,73696,13,2096,25488,25489,2264,14,14480,15,6989,77024,7789,64998,5206,28951,12,11813,33603,5435,1889],"class_list":{"0":"post-250733","1":"post","2":"type-post","3":"status-publish","4":"format-standard","5":"has-post-thumbnail","7":"category-mannheim","8":"tag-61836","9":"tag-baden-wuerttemberg","10":"tag-de","11":"tag-deutschland","12":"tag-donnerstag","13":"tag-engelhorn","14":"tag-essen","15":"tag-eu","16":"tag-europa","17":"tag-europe","18":"tag-fu00fchrung","19":"tag-germany","20":"tag-gespru00e4ch","21":"tag-headlines","22":"tag-mannheim","23":"tag-metropolregion","24":"tag-metropolregion-rhein-neckar","25":"tag-museum","26":"tag-nachrichten","27":"tag-neckar","28":"tag-news","29":"tag-online","30":"tag-online-shop","31":"tag-programm","32":"tag-rem","33":"tag-rhein","34":"tag-rhein-neckar","35":"tag-schlagzeilen","36":"tag-sonderausstellung","37":"tag-treffpunkt","38":"tag-vorverkauf","39":"tag-zukunft"},"share_on_mastodon":{"url":"https:\/\/pubeurope.com\/@de\/114814994947932147","error":""},"_links":{"self":[{"href":"https:\/\/www.europesays.com\/de\/wp-json\/wp\/v2\/posts\/250733","targetHints":{"allow":["GET"]}}],"collection":[{"href":"https:\/\/www.europesays.com\/de\/wp-json\/wp\/v2\/posts"}],"about":[{"href":"https:\/\/www.europesays.com\/de\/wp-json\/wp\/v2\/types\/post"}],"author":[{"embeddable":true,"href":"https:\/\/www.europesays.com\/de\/wp-json\/wp\/v2\/users\/2"}],"replies":[{"embeddable":true,"href":"https:\/\/www.europesays.com\/de\/wp-json\/wp\/v2\/comments?post=250733"}],"version-history":[{"count":0,"href":"https:\/\/www.europesays.com\/de\/wp-json\/wp\/v2\/posts\/250733\/revisions"}],"wp:featuredmedia":[{"embeddable":true,"href":"https:\/\/www.europesays.com\/de\/wp-json\/wp\/v2\/media\/250734"}],"wp:attachment":[{"href":"https:\/\/www.europesays.com\/de\/wp-json\/wp\/v2\/media?parent=250733"}],"wp:term":[{"taxonomy":"category","embeddable":true,"href":"https:\/\/www.europesays.com\/de\/wp-json\/wp\/v2\/categories?post=250733"},{"taxonomy":"post_tag","embeddable":true,"href":"https:\/\/www.europesays.com\/de\/wp-json\/wp\/v2\/tags?post=250733"}],"curies":[{"name":"wp","href":"https:\/\/api.w.org\/{rel}","templated":true}]}}