{"id":250737,"date":"2025-07-08T01:23:03","date_gmt":"2025-07-08T01:23:03","guid":{"rendered":"https:\/\/www.europesays.com\/de\/250737\/"},"modified":"2025-07-08T01:23:03","modified_gmt":"2025-07-08T01:23:03","slug":"fussball-maisch-zum-neuen-vizepraesidenten-beim-karlsruher-sc-gewaehlt","status":"publish","type":"post","link":"https:\/\/www.europesays.com\/de\/250737\/","title":{"rendered":"Fu\u00dfball: Maisch zum neuen Vizepr\u00e4sidenten beim Karlsruher SC gew\u00e4hlt"},"content":{"rendered":"<p class=\"paragraph article__item\">Das Pr\u00e4sidium des Fu\u00dfball-Zweitligisten <a class=\"rtr-entity\" href=\"https:\/\/www.zeit.de\/thema\/karlsruher-sc\" target=\"_blank\" rel=\"noopener\">Karlsruher SC<\/a> ist wieder komplett. In einer au\u00dferordentlichen Mitgliederversammlung wurde der 59-j\u00e4hrige Uwe Maisch zum neuen Vizepr\u00e4sidenten gew\u00e4hlt. Mit dem Amt ist automatisch auch ein Sitz im Beirat der KSC Management GmbH verbunden, die \u00fcber die strategischen Entscheidungen im Profifu\u00dfball mitbestimmt.\u00a0\n<\/p>\n<p>Aktuelles<\/p>\n<p>                <a href=\"https:\/\/www.zeit.de\/sport\/2025-06\/portugal-gewinnt-die-nations-league\" data-ct-label=\"Fu\u00dfball: Portugal gewinnt die Nations League\" target=\"_blank\" rel=\"noopener\"><\/p>\n<p>                        Fu\u00dfball:<br \/>\n                        Portugal gewinnt die Nations League<\/p>\n<p>                <\/a><\/p>\n<p>                <a href=\"https:\/\/www.zeit.de\/sport\/2025-06\/u21-em-deutsches-team-finale\" data-ct-label=\"Fu\u00dfball-U21-EM: Deutsches Team steht im EM-Finale\" target=\"_blank\" rel=\"noopener\"><\/p>\n<p>                        Fu\u00dfball-U21-EM:<br \/>\n                        Deutsches Team steht im EM-Finale<\/p>\n<p>                <\/a><\/p>\n<p>                <a href=\"https:\/\/www.zeit.de\/politik\/deutschland\/2025-06\/kluessendorf-neuer-generalsekretaer-spd-parteitag\" data-ct-label=\"SPD-Parteitag: Tim Kl\u00fcssendorf ist neuer Generalsekret\u00e4r der SPD\" target=\"_blank\" rel=\"noopener\"><\/p>\n<p>                        SPD-Parteitag:<br \/>\n                        Tim Kl\u00fcssendorf ist neuer Generalsekret\u00e4r der SPD<\/p>\n<p>                <\/a><\/p>\n<p class=\"paragraph article__item\">Maisch, der f\u00fcr eine gro\u00dfe Autohandelsgruppe arbeitet, setzte sich bei der virtuellen Versammlung mit 58,69 Prozent der Stimmen gegen seinen Mitbewerber Dominique Mayer durch. 1.203 Mitglieder beteiligten sich an der Abstimmung.\n<\/p>\n<p>                Im zweiten Anlauf klappt es        <\/p>\n<p class=\"paragraph article__item\">Die Nachwahl wurde notwendig, weil Mario Eggimann das Amt im Fr\u00fchjahr aufgegeben hatte, um als Gesch\u00e4ftsf\u00fchrer Sport zur KSC GmbH zu wechseln. Beide Bewerber stehen der Fanszene nahe. Auch inhaltlich traten sie mit \u00e4hnlichen Positionen auf: Unter anderem bekannten sie sich zur 50+1-Regel und sprachen sich f\u00fcr bezahlbare Stadiontickets aus.\u00a0\n<\/p>\n<p class=\"paragraph article__item\">F\u00fcr Maisch war es bereits der zweite Anlauf, ins Pr\u00e4sidium einzuziehen. Im April hatte er gegen\u00fcber Eggimann noch das Nachsehen. Bei der ordentlichen Mitgliederversammlung im November steht dann das gesamte Pr\u00e4sidium zur Wahl.\n<\/p>\n<p class=\"paragraph article__item\">\u00a9 dpa-infocom, dpa:250707-930-770021\/1<\/p>\n","protected":false},"excerpt":{"rendered":"Das Pr\u00e4sidium des Fu\u00dfball-Zweitligisten Karlsruher SC ist wieder komplett. In einer au\u00dferordentlichen Mitgliederversammlung wurde der 59-j\u00e4hrige Uwe Maisch&hellip;\n","protected":false},"author":2,"featured_media":250738,"comment_status":"","ping_status":"","sticky":false,"template":"","format":"standard","meta":{"footnotes":""},"categories":[1844],"tags":[1634,3364,29,347,30,8903,3850,15,19461,77025],"class_list":{"0":"post-250737","1":"post","2":"type-post","3":"status-publish","4":"format-standard","5":"has-post-thumbnail","7":"category-karlsruhe","8":"tag-baden-wuerttemberg","9":"tag-de","10":"tag-deutschland","11":"tag-fussball","12":"tag-germany","13":"tag-karlsruhe","14":"tag-karlsruher-sc","15":"tag-news","16":"tag-praesidium","17":"tag-uwe-maisch"},"share_on_mastodon":{"url":"","error":""},"_links":{"self":[{"href":"https:\/\/www.europesays.com\/de\/wp-json\/wp\/v2\/posts\/250737","targetHints":{"allow":["GET"]}}],"collection":[{"href":"https:\/\/www.europesays.com\/de\/wp-json\/wp\/v2\/posts"}],"about":[{"href":"https:\/\/www.europesays.com\/de\/wp-json\/wp\/v2\/types\/post"}],"author":[{"embeddable":true,"href":"https:\/\/www.europesays.com\/de\/wp-json\/wp\/v2\/users\/2"}],"replies":[{"embeddable":true,"href":"https:\/\/www.europesays.com\/de\/wp-json\/wp\/v2\/comments?post=250737"}],"version-history":[{"count":0,"href":"https:\/\/www.europesays.com\/de\/wp-json\/wp\/v2\/posts\/250737\/revisions"}],"wp:featuredmedia":[{"embeddable":true,"href":"https:\/\/www.europesays.com\/de\/wp-json\/wp\/v2\/media\/250738"}],"wp:attachment":[{"href":"https:\/\/www.europesays.com\/de\/wp-json\/wp\/v2\/media?parent=250737"}],"wp:term":[{"taxonomy":"category","embeddable":true,"href":"https:\/\/www.europesays.com\/de\/wp-json\/wp\/v2\/categories?post=250737"},{"taxonomy":"post_tag","embeddable":true,"href":"https:\/\/www.europesays.com\/de\/wp-json\/wp\/v2\/tags?post=250737"}],"curies":[{"name":"wp","href":"https:\/\/api.w.org\/{rel}","templated":true}]}}