{"id":250745,"date":"2025-07-08T01:27:27","date_gmt":"2025-07-08T01:27:27","guid":{"rendered":"https:\/\/www.europesays.com\/de\/250745\/"},"modified":"2025-07-08T01:27:27","modified_gmt":"2025-07-08T01:27:27","slug":"hubschrauber-landet-nach-aquaplaning-unfall-auf-der-a-2","status":"publish","type":"post","link":"https:\/\/www.europesays.com\/de\/250745\/","title":{"rendered":"Hubschrauber landet nach Aquaplaning-Unfall auf der A 2"},"content":{"rendered":"<p class=\"bodytext\">HC\/ Bielefeld- Herford- Vlotho- BAB 2- Am Montag, 07.07.2025, schleuderte ein Sprinter-Fahrer von der A 2 bei Regen in die B\u00f6schung. Die Fahrbahn in Richtung Dortmund ist aktuell gesperrt und ein Rettungshubschrauber gelandet.<\/p>\n<p>Gegen 11:25 Uhr befuhr ein Mercedes-Fahrer den linken Fahrstreifen der A 2 in Richtung Dortmund. Zwischen den Anschlussstellen Vlotho-West und Herford-Ost verlor der Fahrer, nach den derzeitigen Erkenntnissen, aufgrund von Aquaplaning die Kontrolle \u00fcber sein Fahrzeug. Das Fahrzeug schleuderte zun\u00e4chst gegen einen auf dem rechten Fahrstreifen fahrenden LKW und rutschte anschlie\u00dfend von der Fahrbahn gegen die B\u00f6schung. Der Fahrer musste aus dem Fahrzeug geborgen werden. Zu seinem Gesundheitszustand ist derzeit nichts bekannt.<\/p>\n<p>Die Fahrbahn in Richtung Dortmund ist gesperrt und ein Rettungshubschrauber gelandet.<\/p>\n<p>Ein Abschleppwagen ist beauftragt, um den Sprinter zu bergen und abzutransportieren.<\/p>\n<p>Die Polizei erinnert: Bei starkem Regen besteht die Gefahr von Aquaplaning! Durch die Wassermengen verliert der Reifen den Kontakt zur Stra\u00dfe und der Fahrer die Kontrolle \u00fcber sein Fahrzeug. Daher fahren sie vorausschauend und passen Sie die Geschwindigkeit den Wetterverh\u00e4ltnissen zeitnah an!<\/p>\n<p>R\u00fcckfragen von Journalisten bitte an:<\/p>\n<p>Polizeipr\u00e4sidium Bielefeld Leitungsstab\/ Presse- und \u00d6ffentlichkeitsarbeit Kurt-Schumacher-Stra\u00dfe 46 33615 Bielefeld<\/p>\n<p>Sonja Rehmert (SR), Tel. 0521\/545-3020 Katja K\u00fcster (KK), Tel. 0521\/545-3195 Sarah Siedschlag (SI), Tel. 0521\/545-3021 Michael K\u00f6tter (MK), Tel. 0521\/545-3022 Hella Christoph (HC), Tel. 0521\/545-3023 Fabian Rickel (FR), Tel. 0521\/545-3024 Caroline Steffen (CS), Tel. 0521\/545-3026 Lukas Reker (LR), Tel. 0521\/545-3222 Jan Grote (JG), Tel. 0521\/545-3235<\/p>\n<p>E-Mail: pressestelle.bielefeld@polizei.nrw.de <a href=\"https:\/\/bielefeld.polizei.nrw\/\" target=\"_blank\" rel=\"nofollow noopener\">bielefeld.polizei.nrw<\/a><\/p>\n<p>Au\u00dferhalb der B\u00fcrodienstzeit: Leitstelle, Tel. 0521\/545-0<\/p>\n<p> Original-Content von: Polizei Bielefeld, \u00fcbermittelt durch news aktuell<\/p>\n","protected":false},"excerpt":{"rendered":"HC\/ Bielefeld- Herford- Vlotho- BAB 2- Am Montag, 07.07.2025, schleuderte ein Sprinter-Fahrer von der A 2 bei Regen&hellip;\n","protected":false},"author":2,"featured_media":29613,"comment_status":"","ping_status":"","sticky":false,"template":"","format":"standard","meta":{"footnotes":""},"categories":[1841],"tags":[1605,3364,29,30,1209,12925],"class_list":{"0":"post-250745","1":"post","2":"type-post","3":"status-publish","4":"format-standard","5":"has-post-thumbnail","7":"category-bielefeld","8":"tag-bielefeld","9":"tag-de","10":"tag-deutschland","11":"tag-germany","12":"tag-nordrhein-westfalen","13":"tag-polizeimeldungen"},"share_on_mastodon":{"url":"https:\/\/pubeurope.com\/@de\/114815018132507629","error":""},"_links":{"self":[{"href":"https:\/\/www.europesays.com\/de\/wp-json\/wp\/v2\/posts\/250745","targetHints":{"allow":["GET"]}}],"collection":[{"href":"https:\/\/www.europesays.com\/de\/wp-json\/wp\/v2\/posts"}],"about":[{"href":"https:\/\/www.europesays.com\/de\/wp-json\/wp\/v2\/types\/post"}],"author":[{"embeddable":true,"href":"https:\/\/www.europesays.com\/de\/wp-json\/wp\/v2\/users\/2"}],"replies":[{"embeddable":true,"href":"https:\/\/www.europesays.com\/de\/wp-json\/wp\/v2\/comments?post=250745"}],"version-history":[{"count":0,"href":"https:\/\/www.europesays.com\/de\/wp-json\/wp\/v2\/posts\/250745\/revisions"}],"wp:featuredmedia":[{"embeddable":true,"href":"https:\/\/www.europesays.com\/de\/wp-json\/wp\/v2\/media\/29613"}],"wp:attachment":[{"href":"https:\/\/www.europesays.com\/de\/wp-json\/wp\/v2\/media?parent=250745"}],"wp:term":[{"taxonomy":"category","embeddable":true,"href":"https:\/\/www.europesays.com\/de\/wp-json\/wp\/v2\/categories?post=250745"},{"taxonomy":"post_tag","embeddable":true,"href":"https:\/\/www.europesays.com\/de\/wp-json\/wp\/v2\/tags?post=250745"}],"curies":[{"name":"wp","href":"https:\/\/api.w.org\/{rel}","templated":true}]}}