{"id":250748,"date":"2025-07-08T01:29:30","date_gmt":"2025-07-08T01:29:30","guid":{"rendered":"https:\/\/www.europesays.com\/de\/250748\/"},"modified":"2025-07-08T01:29:30","modified_gmt":"2025-07-08T01:29:30","slug":"seit-50-jahren-setzt-sich-das-fair-handelsunternehmen-gepa-fuer-mehr-gerechtigkeit-und-n","status":"publish","type":"post","link":"https:\/\/www.europesays.com\/de\/250748\/","title":{"rendered":"Seit 50 Jahren setzt sich das Fair Handelsunternehmen GEPA f\u00fcr mehr Gerechtigkeit und n"},"content":{"rendered":"<p>50 Jahre Fairness gestalten \/ Bundesentwicklungsministerin w\u00fcrdigt die Pionierrolle der GEPA \/ Festakt mit \u00fcber 200 G\u00e4sten in Wuppertal. Unter dem Motto &#8222;50 Jahre GEPA &#8211; Taste a fair world&#8220; &#8211; hat die GEPA jetzt ihr Jubil\u00e4umsfest als H\u00f6hepunkt des Jubil\u00e4umsjahres mit vielen Meilensteinen gefeiert. &#8222;Fairness-Momente&#8220; aus f\u00fcnf Jahrzehnten wurden in Gru\u00dfworten und Reden im Rahmen eines Festaktes vor mehr als 200 G\u00e4sten aus Politik, Zivilgesellschaft und Weltl\u00e4den sowie Kund*innen, Kooperationspartner*innen, Mitarbeiter*innen und Handelspartner*innen gew\u00fcrdigt.<\/p>\n<p> Reem Alabali-Radovan, Bundesministerin f\u00fcr Entwicklung und wirtschaftliche Zusammenarbeit, unterstrich in ihrem Videogru\u00dfwort: <\/p>\n<p> &#8222;Ihr macht Entwicklungspolitik konkret: durch echte Partnerschaften, durch bessere Einkommen f\u00fcr die Menschen, die in der Herstellung arbeiten, durch Klimaschutz in der Produktion und durch starke Stimmen aus dem Globalen S\u00fcden. Das ist mutig, das ist wirksam und genau das brauchen wir heute mehr denn je. Danke f\u00fcr euer gro\u00dfes Engagement, eure Vision und euren langen Atem!&#8220; <\/p>\n<p> &#8222;Fairer Handel und Nachhaltigkeit sind aus Gesellschaft und Politik nicht mehr wegzudenken&#8220;, sagte Matthias Kroth, kaufm\u00e4nnischer Gesch\u00e4ftsf\u00fchrer der GEPA. &#8222;Und dass sich das Konsumverhalten bzw. das Bewusstsein f\u00fcr nachhaltigen Konsum in den letzten Jahren signifikant ver\u00e4ndert hat &#8211; daf\u00fcr danke ich allen Beteiligten herzlich, dass wir das gemeinsam erreicht haben&#8220;. Er wies auf die Besonderheiten der GEPA mit ihrem Kernziel hin: &#8222;Fairer Handel ist unser einziger Unternehmenszweck. Wir tragen ihn in unseren Genen und unterscheiden uns damit von vielen anderen Akteuren&#8220;. Mit der Erfahrung aus der sehr positiv bei Verbraucher*innen aufgenommenen Markenkampagne &#8222;Du hast es in der Hand&#8220; zeigte er sich zuversichtlich, dass die GEPA auch noch in den n\u00e4chsten 50 Jahren sehr positiv aufgestellt sein werde. <\/p>\n<p> Dr. Ophelia Nick, MdB und Sprecherin f\u00fcr Landwirtschaftspolitik der Gr\u00fcnen Bundestagsfraktion betonte: <\/p>\n<p> &#8222;Die GEPA zeigt, dass sich Wirtschaftlichkeit sowie soziale und \u00f6kologische Nachhaltigkeit nicht ausschlie\u00dfen, sondern gegenseitig bedingen. Sie macht jeden Tag vor, wie ein internationaler Handel aussieht, der faire Einkommen erm\u00f6glicht, die Umwelt sch\u00fctzt und somit f\u00fcr beide Seiten der Lieferkette gleicherma\u00dfen Nutzen stiftet.&#8220; <\/p>\n<p> NRW-Ministerpr\u00e4sident Hendrik W\u00fcst gratulierte in seiner Video-Botschaft: &#8222;Die GEPA zeigt seit f\u00fcnf Jahrzehnten, dass Wirtschaft und Ethik Hand in Hand gehen k\u00f6nnen. Und dass jede und jeder als Verbraucherin und Verbraucher Verantwortung \u00fcbernehmen kann f\u00fcr faire Arbeitsbedingungen, faire Preise und den Schutz unserer Umwelt&#8220;. <\/p>\n<p> Wuppertals Oberb\u00fcrgermeister Prof. Dr. Uwe Schneidewind sagte: &#8222;F\u00fcr unsere Stadt ist die GEPA ein bedeutender Player f\u00fcr nachhaltigen Wandel und sozial verantwortliches Wirtschaften. Besonders m\u00f6chte ich hervorheben, dass die Stadtverwaltung seit Jahren Produkte wie Filterkaffee, Schwarz- und Kr\u00e4utertee von der GEPA bezieht, um unseren Beitrag zu einem bewussten und nachhaltigen Konsum zu leisten. Es liegt an uns allen, diesen Weg weiterzugehen und nachhaltigen Konsum zu f\u00f6rdern, um eine bessere Zukunft f\u00fcr alle zu schaffen.&#8220; <\/p>\n<p> Stellvertretend f\u00fcr die 122 Handelspartner der GEPA im Globalen S\u00fcden sprach Mar\u00eda Antonia L\u00f3pez, die Pr\u00e4sidentin von La Sure\u00f1ita, einem Zusammenschluss von drei Frauenkooperativen aus Honduras, die Cashewn\u00fcsse anbauen. &#8222;Von La Sure\u00f1ita aus haben wir dank der GEPA unsere Bio-Cashews nach Deutschland und in andere L\u00e4nder exportiert. Aber \u00fcber das Produkt hinaus haben wir Geschichten \u00fcber die \u00dcberwindung von Armut exportiert, Geschichten von Frauen, die Armut in F\u00fchrung, Verlassenheit in Organisation und Schweigen in kollektive Stimme verwandelt haben&#8220;. Sie dankte allen Beteiligten: &#8222;Danke, dass ihr an uns geglaubt habt, als wir noch klein waren, danke, dass ihr uns mit Respekt begegnet seid, ohne Bevormundung, mit einer Vision von Gleichheit, die unsere Autonomie st\u00e4rkt&#8220;. <\/p>\n<p> Auch der Weltladen-Dachverband feiert in diesem Jahr sein 50-j\u00e4hriges Bestehen. Gesch\u00e4ftsf\u00fchrerin Gifty Rosetta Amo Antwi hob hervor: &#8222;Seit einem halben Jahrhundert steht die GEPA f\u00fcr Fairen Handel auf h\u00f6chstem Niveau. Sie ist nicht nur Vorreiterin in Sachen globaler Gerechtigkeit, sondern auch ein lebendiges Beispiel daf\u00fcr, wie konsequente Werteorientierung und wirtschaftlicher Erfolg Hand in Hand gehen k\u00f6nnen.&#8220; <\/p>\n<p> Matthias Fiedler, Gesch\u00e4ftsf\u00fchrer des Forums Fairer Handel als politischer Stimme des Fairen Handels sagte: &#8222;Es ist dieser Dreiklang aus Pioniergeist, Ver\u00e4nderungswillen und klarem politischem Kompass, der die GEPA so besonders macht und aus dem heraus auch das Forum Fairer Handel mit der GEPA als Gr\u00fcndungsmitglied entstanden ist.&#8220; <\/p>\n<p> Dr. Gerd M\u00fcller, heute Generaldirektor der UNIDO und fr\u00fcherer Bundesentwicklungsminister, bezog in seinem Gru\u00dfwort die vielen Ehrenamtlichen mit ein, die hinter der Fair Handelsbewegung stehen. Er betont, dass es ihrem Engagement und dem der GEPA zu verdanken ist, &#8222;dass Gerechtigkeit und Partnerschaft im Welthandel heute in Deutschland kein Nischenthema mehr sind&#8220;. Und weiter: &#8222;Die GEPA ist Vorbild und eine Inspiration f\u00fcr andere in Politik, Wirtschaft und Unternehmen, auf nachhaltige und faire Lieferketten zu setzen und damit Win-Win-Situationen mit Zulieferern in der gesamten Kette aus Entwicklungsl\u00e4ndern zu schaffen. <\/p>\n<p> F\u00fcr alle Gesellschafter betonte Torsten M\u00fcller, Bereichsleiter Finanzen bei Brot f\u00fcr die Welt als Sprecher der Gesellschafterversammlung der GEPA: &#8222;Die GEPA ist ein au\u00dferordentliches \u00f6kumenisches Unternehmen, das vor 50 Jahren aus der kirchlichen Jugendbewegung entstanden ist. Auch dem Engagement der GEPA ist es zu verdanken, das heute soziale und \u00f6kologische Verantwortung in Wirtschaft und Politik einen gro\u00dfen Stellenwert haben. Daf\u00fcr wird die GEPA auch in Zukunft mit ihren Gesellschaftern eintreten, dass dies so bleibt und noch ausgebaut wird.&#8220; <\/p>\n<p> Im Dialog tauschten sich Hildegard Fuchs, Leiterin der Sortimentsabteilung (seit 1991) und Online-Redakteur Sebastian Martin (seit 2021) \u00fcber ihre gemeinsame Motivation, bei der GEPA zu arbeiten aus: Als langj\u00e4hrige und k\u00fcrzere Zeit t\u00e4tige Mitarbeiter*innen verbindet die beiden Generationen das gleiche Ziel, f\u00fcr eine fairere Welt zu arbeiten. <\/p>\n<p> Die kompletten Videogru\u00dfworte und Gl\u00fcckw\u00fcnsche von Handelspartner*innen aus dem Globalen S\u00fcden sind hier zu finden: <a target=\"_blank\" rel=\"noopener\" href=\"http:\/\/ots.de\/JQVuXr\">www.gepa.de\/gl\u00fcckw\u00fcnsche<\/a><\/p>\n<p> Anschneiden der Jubil\u00e4umstorte <\/p>\n<p> Im Anschluss wurde die Jubil\u00e4umstorte mit GEPA-Logo angeschnitten: Mit den Vertreter*innen der Handelspartner aus Honduras (La Sure\u00f1ita, Mar\u00eda Antonia L\u00f3pez und Lenin Enrique Gudiel), Uganda (ACPCU, John Nuwagaba und Stanley Maniragaba), Indien (Tara, Puneet Chawla) und Sao Tom\u00e9 (CECAQ-11, Adalberto Ferreira do Nascimento Lu\u00eds) sowie den Einkaufsmanager*innen der GEPA (siehe auch Bildhinweise). Beim anschlie\u00dfenden lockeren Beisammensein mit Grillen und Musik und vielen inspirierenden Gespr\u00e4chen und Begegnungen klang das Fest aus. <\/p>\n<p> Hintergrund <\/p>\n<p> Das Wirtschaftsjahr 2024 hat die GEPA mit einem Plus von rund 10,9 Prozent im Vergleich zum Vorjahr abgeschlossen und einen Gro\u00dfhandelsumsatz von 84,8 Millionen Euro erreicht. Verbraucher*innen kauften f\u00fcr rund 118,6 Millionen Euro (Umsatz zu Endverbrauchspreisen) z.B. Kaffee, Schokolade, Tee, Honig und Handwerksartikel ein. <\/p>\n<p> Angefangen hatte alles 1975 in einem denkmalgesch\u00fctzten Geb\u00e4ude in Wuppertal-Barmen von 1911 als erstem Firmensitz der GEPA: Zwei Wohnungen \u00e0 100 Quadratmeter dienten damals als Lager. Der Umsatz lag im ersten Gesch\u00e4ftsjahr bei 1,3 Millionen Euro Es gab rund 40 Weltl\u00e4den. Zum Vergleich: Heute hat das Firmengeb\u00e4ude in Vohwinkel 2.500 Quadratmeter B\u00fcrofl\u00e4che und 8.500 Quadratmeter Lagerfl\u00e4che. <\/p>\n<p><b>Als Fair Trade-Pionierin steht die GEPA seit 50 Jahren (Gr\u00fcndungsdatum: 14.05.1975) f\u00fcr Transparenz und Glaubw\u00fcrdigkeit ihrer Arbeit. Wir handeln als gr\u00f6\u00dfte europ\u00e4ische Fair Handelsorganisation mit Genossenschaften und sozial engagierten Privatbetrieben aus Lateinamerika, Afrika, Asien und Europa. Durch faire Preise und langfristige Handelsbeziehungen haben die Partner mehr Planungssicherheit. Hinter der GEPA stehen MISEREOR, Brot f\u00fcr die Welt, die Arbeitsgemeinschaft der Evangelischen Jugend in Deutschland (aej), der Bund der Deutschen Katholischen Jugend (BDKJ) und das Kindermissionswerk &#8222;Die Sternsinger&#8220;. F\u00fcr ihre Verdienste um den Fairen Handel und die Nachhaltigkeit ist die GEPA vielfach ausgezeichnet worden, u. a. beim Deutschen Nachhaltigkeitspreis mit TOP3 in der Kategorie &#8222;Unternehmenspartnerschaften 2020&#8220; f\u00fcr die langj\u00e4hrige Zusammenarbeit mit dem Teepartner Tea Promoters India und mit dem &#8222;CSR-Preis der Bundesregierung 2020&#8220; in der Kategorie &#8222;Verantwortungsvolles Lieferkettenmanagement&#8220; sowie Ende 2023 mit dem German SDG-Award Kategorie &#8222;Unternehmen&#8220;. Als eines von wenigen Unternehmen in Deutschland hat sich die GEPA nach dem Garantiesystem der WFTO pr\u00fcfen lassen. N\u00e4heres zu Preisen und Auszeichnungen sowie zur GEPA allgemein unter <a target=\"_blank\" rel=\"noopener\" href=\"http:\/\/www.gepa.de\">www.gepa.de<\/a>, alle Produkte unter <a target=\"_blank\" rel=\"noopener\" href=\"http:\/\/www.gepa-shop.de\">www.gepa-shop.de<\/a>.<\/b><\/p>\n<p><b>Mitgliedschaften:<\/b><\/p>\n<p><b>-World Fair Trade Organization (WFTO)<\/b><\/p>\n<p><b>&#8211; European Fair Trade Association (EFTA)<\/b><\/p>\n<p><b>&#8211; Forum Fairer Handel (FFH)<\/b><\/p>\n<p>Pressekontakt:<\/p>\n<p>GEPA &#8211; The Fair Trade Company<\/p>\n<p>Barbara Schimmelpfennig<br \/>Pressesprecherin<\/p>\n<p>Fon: 0202 &#8211; 266 83 60<br \/>Fax: 0202 &#8211; 266 83 10<br \/>Mail: <a href=\"https:\/\/www.ad-hoc-news.de\/wirtschaft\/wuppertal-seit-50-jahren-setzt-sich-das-fair-handelsunternehmen-gepa\/mailto: presse@gepa.de\" target=\"_blank\" rel=\"noopener\"> presse@gepa.de<\/a><\/p>\n<p>GEPA-Weg 1<br \/>42327 Wuppertal<\/p>\n<p class=\"origin\">Original-Content von: GEPA mbH \u00fcbermittelt durch news aktuell<\/p>\n<p>http:\/\/ots.de\/5ca5e9<\/p>\n","protected":false},"excerpt":{"rendered":"50 Jahre Fairness gestalten \/ Bundesentwicklungsministerin w\u00fcrdigt die Pionierrolle der GEPA \/ Festakt mit \u00fcber 200 G\u00e4sten in&hellip;\n","protected":false},"author":2,"featured_media":250749,"comment_status":"","ping_status":"","sticky":false,"template":"","format":"standard","meta":{"footnotes":""},"categories":[1840],"tags":[77027,3364,29,15798,42972,6544,44122,42969,30,42970,18200,1209,77028,4418],"class_list":{"0":"post-250748","1":"post","2":"type-post","3":"status-publish","4":"format-standard","5":"has-post-thumbnail","7":"category-wuppertal","8":"tag-bundesentwicklungsministerin","9":"tag-de","10":"tag-deutschland","11":"tag-fair","12":"tag-fairness","13":"tag-festakt","14":"tag-gaesten","15":"tag-gepa","16":"tag-germany","17":"tag-handelsunternehmen","18":"tag-jahren","19":"tag-nordrhein-westfalen","20":"tag-pionierrolle","21":"tag-wuppertal"},"share_on_mastodon":{"url":"https:\/\/pubeurope.com\/@de\/114815026260552128","error":""},"_links":{"self":[{"href":"https:\/\/www.europesays.com\/de\/wp-json\/wp\/v2\/posts\/250748","targetHints":{"allow":["GET"]}}],"collection":[{"href":"https:\/\/www.europesays.com\/de\/wp-json\/wp\/v2\/posts"}],"about":[{"href":"https:\/\/www.europesays.com\/de\/wp-json\/wp\/v2\/types\/post"}],"author":[{"embeddable":true,"href":"https:\/\/www.europesays.com\/de\/wp-json\/wp\/v2\/users\/2"}],"replies":[{"embeddable":true,"href":"https:\/\/www.europesays.com\/de\/wp-json\/wp\/v2\/comments?post=250748"}],"version-history":[{"count":0,"href":"https:\/\/www.europesays.com\/de\/wp-json\/wp\/v2\/posts\/250748\/revisions"}],"wp:featuredmedia":[{"embeddable":true,"href":"https:\/\/www.europesays.com\/de\/wp-json\/wp\/v2\/media\/250749"}],"wp:attachment":[{"href":"https:\/\/www.europesays.com\/de\/wp-json\/wp\/v2\/media?parent=250748"}],"wp:term":[{"taxonomy":"category","embeddable":true,"href":"https:\/\/www.europesays.com\/de\/wp-json\/wp\/v2\/categories?post=250748"},{"taxonomy":"post_tag","embeddable":true,"href":"https:\/\/www.europesays.com\/de\/wp-json\/wp\/v2\/tags?post=250748"}],"curies":[{"name":"wp","href":"https:\/\/api.w.org\/{rel}","templated":true}]}}