{"id":250761,"date":"2025-07-08T01:35:13","date_gmt":"2025-07-08T01:35:13","guid":{"rendered":"https:\/\/www.europesays.com\/de\/250761\/"},"modified":"2025-07-08T01:35:13","modified_gmt":"2025-07-08T01:35:13","slug":"zdf-studios-verkauft-kinderserie-sam-und-julia-an-sky-uk","status":"publish","type":"post","link":"https:\/\/www.europesays.com\/de\/250761\/","title":{"rendered":"ZDF Studios verkauft Kinderserie \u201eSam und Julia\u201c an Sky UK"},"content":{"rendered":"<p><strong>Mittlerweile ist die Animationsserie \u201eSam und Julia\u201c \u00fcber zwei M\u00e4use und ihr M\u00e4usehaus in rund 100 L\u00e4nder verkauft. Der neueste Deal: Sky UK schl\u00e4gt f\u00fcr seinen Streamingdienst Now und das Junior-Programm zu.<\/strong><\/p>\n<p><img data-no-lazy=\"\" fetchpriority=\"high\" decoding=\"async\" width=\"1024\" height=\"570\" src=\"https:\/\/www.europesays.com\/de\/wp-content\/uploads\/2025\/07\/Sam-and-Julia-1024x570.jpg\" alt=\"Sam and Julia\"  \/><\/p>\n<p>Kinderprogramm \u201eSam und Julia\u201c (Credit: ZDF Studios)<\/p>\n<p>ZDF Studios meldet am Montag den Verkauf der Zeichentrickserie \u201eSam und Julia\u201c (internationaler Titel: \u201eSam and Julia\u201c) an Sky TV und den Streamingdienst Now in Gro\u00dfbritannien, welche die Serie noch in diesem Jahr auf Sky Kids und dem Streamingdienst Now dem jungen britischen Publikum vorstellen werden.<\/p>\n<p>Insgesamt ist dieser Kindertitel mit zwei M\u00e4usen und ihrem M\u00e4usehaus nun in 100 L\u00e4ndern \u00fcber eine Vielzahl internationaler Sender und Streamingdienste verf\u00fcgbar. \u201eSam und Julia\u201c wurde k\u00fcrzlich f\u00fcr das KAFF 2025, Ungarns Animationsfilmfestival, nominiert und an Sender wie \u010cesk\u00e1 Televize (Tschechische Republik), RTV (Slowenien), LRT (Litauen), Eesti Rahvusringh\u00e4\u00e4ling (Estland), HRT (Kroatien) und MTVA (Ungarn) verkauft.<\/p>\n<p>Au\u00dferdem hat die Serie bereits eine neue Heimat bei SVT (Schweden), NRK (Norwegen), YLE OL (Finnland), VRT (Belgien), JimJam TV Ltd (Afrika), Vme (USA und Puerto Rico), Gabriel Broadcasting Foundation (Taiwan und Philippinen) und TFO Canada gefunden.<\/p>\n<p>Arne Lohmann: \u201eTrifft genau Geschmack von Vorschulkindern\u201c<\/p>\n<p>Arne Lohmann, Bereichsleiter Junior, ZDF Studios, kommentiert: \u201e\u2018Sam und Julia\u2018 trifft genau den Geschmack von Vorschulkindern und ihren Eltern. Es ist Unterhaltung mit starken Werten, die Kreativit\u00e4t, Nachhaltigkeit und Freundlichkeit f\u00f6rdern. Ich freue mich, dass nun noch mehr Kinder weltweit Zugang zu dieser fesselnden Serie haben werden.\u201c<\/p>\n<p>Die Vereinbarung mit ZDF Studios wurde seitens Sky von Alia Morsy, Acquisitions Executive, ausgehandelt.<\/p>\n<p>Sam und Julia basiert auf den B\u00fcchern der niederl\u00e4ndischen Autorin Karina Schaapman, deren 22 Originalwerke in 27 Sprachen \u00fcbersetzt wurden und sich weltweit \u00fcber eine Million Mal verkauft haben. Die Serie wird von Cielo Films und Superswiss Red in Koproduktion mit ZDF, ZDF Studios, France T\u00e9l\u00e9visions, Caribara und M.A.R.K.13 produziert.<\/p>\n<p>\t\t\t\t<\/p>\n","protected":false},"excerpt":{"rendered":"Mittlerweile ist die Animationsserie \u201eSam und Julia\u201c \u00fcber zwei M\u00e4use und ihr M\u00e4usehaus in rund 100 L\u00e4nder verkauft.&hellip;\n","protected":false},"author":2,"featured_media":250762,"comment_status":"","ping_status":"","sticky":false,"template":"","format":"standard","meta":{"footnotes":""},"categories":[3976],"tags":[331,332,13,14,15,77033,12,1806,4222,3992,3993,3994,3995,3996,3997,77034],"class_list":{"0":"post-250761","1":"post","2":"type-post","3":"status-publish","4":"format-standard","5":"has-post-thumbnail","7":"category-vereinigtes-koenigreich","8":"tag-aktuelle-nachrichten","9":"tag-aktuelle-news","10":"tag-headlines","11":"tag-nachrichten","12":"tag-news","13":"tag-sam-and-julia","14":"tag-schlagzeilen","15":"tag-serie","16":"tag-sky","17":"tag-uk","18":"tag-united-kingdom","19":"tag-united-kingdom-of-great-britain-and-northern-ireland","20":"tag-vereinigtes-koenigreich","21":"tag-vereinigtes-koenigreich-grossbritannien-und-nordirland","22":"tag-vereinigtes-koenigreich-von-grossbritannien-und-nordirland","23":"tag-zdf-studios"},"share_on_mastodon":{"url":"https:\/\/pubeurope.com\/@de\/114815049900124583","error":""},"_links":{"self":[{"href":"https:\/\/www.europesays.com\/de\/wp-json\/wp\/v2\/posts\/250761","targetHints":{"allow":["GET"]}}],"collection":[{"href":"https:\/\/www.europesays.com\/de\/wp-json\/wp\/v2\/posts"}],"about":[{"href":"https:\/\/www.europesays.com\/de\/wp-json\/wp\/v2\/types\/post"}],"author":[{"embeddable":true,"href":"https:\/\/www.europesays.com\/de\/wp-json\/wp\/v2\/users\/2"}],"replies":[{"embeddable":true,"href":"https:\/\/www.europesays.com\/de\/wp-json\/wp\/v2\/comments?post=250761"}],"version-history":[{"count":0,"href":"https:\/\/www.europesays.com\/de\/wp-json\/wp\/v2\/posts\/250761\/revisions"}],"wp:featuredmedia":[{"embeddable":true,"href":"https:\/\/www.europesays.com\/de\/wp-json\/wp\/v2\/media\/250762"}],"wp:attachment":[{"href":"https:\/\/www.europesays.com\/de\/wp-json\/wp\/v2\/media?parent=250761"}],"wp:term":[{"taxonomy":"category","embeddable":true,"href":"https:\/\/www.europesays.com\/de\/wp-json\/wp\/v2\/categories?post=250761"},{"taxonomy":"post_tag","embeddable":true,"href":"https:\/\/www.europesays.com\/de\/wp-json\/wp\/v2\/tags?post=250761"}],"curies":[{"name":"wp","href":"https:\/\/api.w.org\/{rel}","templated":true}]}}