{"id":250766,"date":"2025-07-08T01:38:10","date_gmt":"2025-07-08T01:38:10","guid":{"rendered":"https:\/\/www.europesays.com\/de\/250766\/"},"modified":"2025-07-08T01:38:10","modified_gmt":"2025-07-08T01:38:10","slug":"unions-fraktionschef-jens-spahn-warnt-vor-einem-us-truppenabzug-aus-europa","status":"publish","type":"post","link":"https:\/\/www.europesays.com\/de\/250766\/","title":{"rendered":"Unions-Fraktionschef Jens Spahn warnt vor einem US-Truppenabzug aus Europa."},"content":{"rendered":"<p>&#8222;Ich war gerade in den USA, habe mich mit Regierungsmitgliedern getroffen. Die Warnungen sind eindeutig: Es gibt keine Garantie daf\u00fcr, dass sie hierbleiben&#8220;, sagte der CDU-Politiker dem &#8222;Stern&#8220;. &#8222;Die USA nehmen in ihren Planungen auf uns nur bedingt R\u00fccksicht, sie k\u00f6nnen ihre Pl\u00e4ne kurzfristig \u00e4ndern. Ich habe den Eindruck, das ist hier noch nicht eindeutig verstanden. Und das finde ich alarmierend.&#8220;<br \/>\nSpahn erneuerte seine Forderung, die nukleare Abschreckung in Europa neu zu organisieren. <\/p>\n<p>&#8222;Der Kanzler und ich sind uns v\u00f6llig einig: Wir m\u00fcssen die amerikanische Abschreckung f\u00fcr Deutschland sichern. Aber wir m\u00fcssen parallel kl\u00e4ren, wie sich die nukleare Teilhabe in Europa organisieren l\u00e4sst&#8220;, sagte er.<br \/>\n&#8222;Wenn ich mit dem stellvertretenden Verteidigungsminister in Washington, Stephen A. Feinberg, rede, sagt der mir: Stellt euch drauf ein, dass wir all unsere Aufmerksamkeit auf China richten. Da k\u00f6nnen wir nicht einfach sagen: Uns doch egal.&#8220;<br \/>\nDer Christdemokrat nahm zudem US-Pr\u00e4sident Donald Trump gegen Faschismus-Vorw\u00fcrfe in Schutz. &#8222;Wir m\u00fcssen aufpassen, dass wir nicht zu schnell bei solchen Zuschreibungen landen&#8220;, sagte er. &#8222;Die USA sind ein Rechtsstaat mit sehr langer Tradition. Es gibt Regeln, Gewaltenteilung, klassische Mechanismen der Gesetzgebung. Klar, Trump stellt Institutionen infrage, er w\u00fcrdigt Teile der Gesellschaft herab &#8211; das verbietet sich alles. Gleichzeitig handelt er konsequent gegen ein Unrechtsregime wie die Mullahs im Iran. Also, faschistisch ist das noch nicht.&#8220;\t<\/p>\n","protected":false},"excerpt":{"rendered":"&#8222;Ich war gerade in den USA, habe mich mit Regierungsmitgliedern getroffen. Die Warnungen sind eindeutig: Es gibt keine&hellip;\n","protected":false},"author":2,"featured_media":250767,"comment_status":"","ping_status":"","sticky":false,"template":"","format":"standard","meta":{"footnotes":""},"categories":[3933],"tags":[331,332,548,663,158,3934,3935,13,6837,14,15,12,18479,856,77036,77035],"class_list":{"0":"post-250766","1":"post","2":"type-post","3":"status-publish","4":"format-standard","5":"has-post-thumbnail","7":"category-eu","8":"tag-aktuelle-nachrichten","9":"tag-aktuelle-news","10":"tag-eu","11":"tag-europa","12":"tag-europaeische-union","13":"tag-europe","14":"tag-european-union","15":"tag-headlines","16":"tag-jens","17":"tag-nachrichten","18":"tag-news","19":"tag-schlagzeilen","20":"tag-spahn","21":"tag-union","22":"tag-unions-fraktionschef","23":"tag-us-truppenabzug"},"share_on_mastodon":{"url":"https:\/\/pubeurope.com\/@de\/114815061601784138","error":""},"_links":{"self":[{"href":"https:\/\/www.europesays.com\/de\/wp-json\/wp\/v2\/posts\/250766","targetHints":{"allow":["GET"]}}],"collection":[{"href":"https:\/\/www.europesays.com\/de\/wp-json\/wp\/v2\/posts"}],"about":[{"href":"https:\/\/www.europesays.com\/de\/wp-json\/wp\/v2\/types\/post"}],"author":[{"embeddable":true,"href":"https:\/\/www.europesays.com\/de\/wp-json\/wp\/v2\/users\/2"}],"replies":[{"embeddable":true,"href":"https:\/\/www.europesays.com\/de\/wp-json\/wp\/v2\/comments?post=250766"}],"version-history":[{"count":0,"href":"https:\/\/www.europesays.com\/de\/wp-json\/wp\/v2\/posts\/250766\/revisions"}],"wp:featuredmedia":[{"embeddable":true,"href":"https:\/\/www.europesays.com\/de\/wp-json\/wp\/v2\/media\/250767"}],"wp:attachment":[{"href":"https:\/\/www.europesays.com\/de\/wp-json\/wp\/v2\/media?parent=250766"}],"wp:term":[{"taxonomy":"category","embeddable":true,"href":"https:\/\/www.europesays.com\/de\/wp-json\/wp\/v2\/categories?post=250766"},{"taxonomy":"post_tag","embeddable":true,"href":"https:\/\/www.europesays.com\/de\/wp-json\/wp\/v2\/tags?post=250766"}],"curies":[{"name":"wp","href":"https:\/\/api.w.org\/{rel}","templated":true}]}}