{"id":250785,"date":"2025-07-08T01:48:28","date_gmt":"2025-07-08T01:48:28","guid":{"rendered":"https:\/\/www.europesays.com\/de\/250785\/"},"modified":"2025-07-08T01:48:28","modified_gmt":"2025-07-08T01:48:28","slug":"pol-h-nachtragsmeldung-tatverdaechtiger-zu-toetungsdelikt-in-hemmingen-arnum-in","status":"publish","type":"post","link":"https:\/\/www.europesays.com\/de\/250785\/","title":{"rendered":"POL-H: Nachtragsmeldung: Tatverd\u00e4chtiger zu T\u00f6tungsdelikt in Hemmingen-Arnum in &#8230;"},"content":{"rendered":"<p class=\"date\">07.07.2025 \u2013 14:50<\/p>\n<p class=\"customer\">\n                        <a class=\"story-customer\" title=\"weiter zum newsroom von Polizeidirektion Hannover\" href=\"https:\/\/www.presseportal.de\/blaulicht\/nr\/66841\" rel=\"nofollow noopener\" target=\"_blank\">Polizeidirektion Hannover<\/a>\n                    <\/p>\n<p><a data-category=\"citylink-story-view\" data-action=\"click\" data-label=\"Citylink in Meldungsansicht\" class=\"story-city event-trigger\" href=\"https:\/\/www.presseportal.de\/regional\/Hannover\" title=\"News aus Hannover \" rel=\"nofollow noopener\" target=\"_blank\">Hannover<\/a> (ots)<\/p>\n<p>Dies ist eine gemeinsame Pressemitteilung der Staatsanwaltschaft Hannover und der Polizeidirektion Hannover.<\/p>\n<p>Nach einem T\u00f6tungsdelikt am Freitagvormittag, 04.07.2025, in einem Mehrparteienhaus in Hemmingen-Arnum (wir berichteten: <a target=\"_blank\" class=\"uri-ext outbound\" rel=\"noopener nofollow\" href=\"https:\/\/www.presseportal.de\/blaulicht\/pm\/66841\/6070290\">https:\/\/www.presseportal.de\/blaulicht\/pm\/66841\/6070290<\/a>) hat das Amtsgericht Hannover f\u00fcr den 31 Jahre alten Tatverd\u00e4chtigen Untersuchungshaft angeordnet.<\/p>\n<p>Dar\u00fcber hinaus steht mittlerweile die zweifelsfreie Identit\u00e4t der Get\u00f6teten fest. Es handelt es sich um eine 26 Jahre alte Frau, die im selben Haus wie der Tatverd\u00e4chtige wohnte. Beide bewohnten jedoch unterschiedliche Wohnungen innerhalb des Mehrfamilienhauses.<\/p>\n<p>Die Ermittlungen des Fachkommissariats f\u00fcr T\u00f6tungsdelikte des Zentralen Kriminaldienstes Hannover zu den Hintergr\u00fcnden der Tat sowie weiteren Umst\u00e4nden dauern an. \/ms<\/p>\n<p class=\"contact-headline\">R\u00fcckfragen bitte an:<\/p>\n<p class=\"contact-text\">Polizeidirektion Hannover<br \/>Marcus Schmieder<br \/>Telefon: 0511 109-1040<br \/>E-Mail: <a href=\"https:\/\/www.presseportal.de\/blaulicht\/pm\/66841\/mailto: pressestelle@pd-h.polizei.niedersachsen.de\" class=\"uri-mailto\" rel=\"nofollow noopener\" target=\"_blank\"> pressestelle@pd-h.polizei.niedersachsen.de<\/a><br \/><a target=\"_blank\" class=\"uri-ext outbound\" rel=\"noopener nofollow\" href=\"https:\/\/www.pd-h.polizei-nds.de\">https:\/\/www.pd-h.polizei-nds.de<\/a><\/p>\n<p class=\"originator\">Original-Content von: Polizeidirektion Hannover, \u00fcbermittelt durch news aktuell<\/p>\n","protected":false},"excerpt":{"rendered":"07.07.2025 \u2013 14:50 Polizeidirektion Hannover Hannover (ots) Dies ist eine gemeinsame Pressemitteilung der Staatsanwaltschaft Hannover und der Polizeidirektion&hellip;\n","protected":false},"author":2,"featured_media":108,"comment_status":"","ping_status":"","sticky":false,"template":"","format":"standard","meta":{"footnotes":""},"categories":[1836],"tags":[3364,29,30,46,177,5404,1411,121,178,180,179,181],"class_list":{"0":"post-250785","1":"post","2":"type-post","3":"status-publish","4":"format-standard","5":"has-post-thumbnail","7":"category-hannover","8":"tag-de","9":"tag-deutschland","10":"tag-germany","11":"tag-hannover","12":"tag-kriminalitt","13":"tag-ni","14":"tag-niedersachsen","15":"tag-polizei","16":"tag-presse","17":"tag-pressemeldung","18":"tag-pressemitteilung","19":"tag-pressemitteilungen"},"share_on_mastodon":{"url":"https:\/\/pubeurope.com\/@de\/114815100821857894","error":""},"_links":{"self":[{"href":"https:\/\/www.europesays.com\/de\/wp-json\/wp\/v2\/posts\/250785","targetHints":{"allow":["GET"]}}],"collection":[{"href":"https:\/\/www.europesays.com\/de\/wp-json\/wp\/v2\/posts"}],"about":[{"href":"https:\/\/www.europesays.com\/de\/wp-json\/wp\/v2\/types\/post"}],"author":[{"embeddable":true,"href":"https:\/\/www.europesays.com\/de\/wp-json\/wp\/v2\/users\/2"}],"replies":[{"embeddable":true,"href":"https:\/\/www.europesays.com\/de\/wp-json\/wp\/v2\/comments?post=250785"}],"version-history":[{"count":0,"href":"https:\/\/www.europesays.com\/de\/wp-json\/wp\/v2\/posts\/250785\/revisions"}],"wp:featuredmedia":[{"embeddable":true,"href":"https:\/\/www.europesays.com\/de\/wp-json\/wp\/v2\/media\/108"}],"wp:attachment":[{"href":"https:\/\/www.europesays.com\/de\/wp-json\/wp\/v2\/media?parent=250785"}],"wp:term":[{"taxonomy":"category","embeddable":true,"href":"https:\/\/www.europesays.com\/de\/wp-json\/wp\/v2\/categories?post=250785"},{"taxonomy":"post_tag","embeddable":true,"href":"https:\/\/www.europesays.com\/de\/wp-json\/wp\/v2\/tags?post=250785"}],"curies":[{"name":"wp","href":"https:\/\/api.w.org\/{rel}","templated":true}]}}