{"id":250790,"date":"2025-07-08T01:51:18","date_gmt":"2025-07-08T01:51:18","guid":{"rendered":"https:\/\/www.europesays.com\/de\/250790\/"},"modified":"2025-07-08T01:51:18","modified_gmt":"2025-07-08T01:51:18","slug":"mann-mit-machete-im-supermarkt-festgenommen","status":"publish","type":"post","link":"https:\/\/www.europesays.com\/de\/250790\/","title":{"rendered":"Mann mit Machete im Supermarkt festgenommen"},"content":{"rendered":"<p>Dresden-Neustadt <\/p>\n<p>Mann mit Machete im Supermarkt \u2013 so absurd reagiert er bei Festnahme<\/p>\n<p>07.07.2025 &#8211; 17:03 UhrLesedauer: 1 Min.<\/p>\n<p><a href=\"#focus-0\" class=\"transition-colors duration-200 focus-within:text-magenta block text-current relative\" data-sctrack=\"FocusGalleryImage.Reference\"><img fetchpriority=\"high\" data-testid=\"Opener.Image\" style=\"--lqipURL:url('https:\/\/images.t-online.de\/2025\/07\/YsjOOlz1Ip1A\/29x0:1124x632\/fit-in\/150x0\/filters:blur(25)\/image.jpg')\"   loading=\"eager\" src=\"https:\/\/www.europesays.com\/de\/wp-content\/uploads\/2025\/07\/1751939477_904_image.jpg\" alt=\"Bei der Durchsuchung wurden neben einer Machete auch ein Taschenmesser, ein Messer mit feststehender Klinge, Kabelbinder, ein Multitool sowie Drogen sichergestellt.\" title=\"Bei der Durchsuchung wurden neben einer Machete auch ein Taschenmesser, ein Messer mit feststehender Klinge, Kabelbinder, ein Multitool sowie Drogen sichergestellt.\" width=\"1124\" height=\"632\" class=\"bg-[url:var(--lqipURL)] bg-cover bg-center flex h-full w-full max-w-full\" decoding=\"async\"\/><img style=\"--width:32;--height:32\" loading=\"lazy\" src=\"https:\/\/www.t-online.de\/s\/paper\/_next\/static\/media\/zoom-in.f7dae02f.svg\" alt=\"Vergr\u00f6\u00dfern des Bildes\" title=\"Vergr\u00f6\u00dfern des Bildes\" class=\"block h-[calc(var(--height)_\/_16_*_1rem)] w-[calc(var(--width)_\/_16_*_1rem)] max-w-none absolute bottom-8 right-8 rounded-4 bg-snow p-8\" decoding=\"async\"\/><\/a><\/p>\n<p>Bei der Durchsuchung wurden neben einer Machete auch ein Taschenmesser, ein Messer mit feststehender Klinge, Kabelbinder, ein Multitool sowie Drogen sichergestellt. (Quelle: Bundespolizei Dresden)<\/p>\n<p class=\"font-bold text-18 leading-17\">Ein 44-J\u00e4hriger f\u00e4llt im Einkaufsmarkt am Bahnhof Dresden-Neustadt auf. Er tr\u00e4gt eine Machete bei sich. Sicherheitsmitarbeiter greifen ein und alarmieren die Bundespolizei.<\/p>\n<p class=\"text-18 leading-17\">Ein 44-j\u00e4hriger Mann ist am Samstag mit einer Machete und Drogen in einem Einkaufsmarkt am Bahnhof Dresden-Neustadt aufgefallen. Wie die Bundespolizei mitteilte, meldete ein Sicherheitsmitarbeiter des Marktes den Vorfall gegen 17.08 Uhr.<\/p>\n<p class=\"text-18 leading-17\">Als die Beamten eintrafen, hatten Marktmitarbeiter den Mann bereits entwaffnet. Bei der Durchsuchung fanden die Polizisten neben der Machete auch ein Taschenmesser, ein Messer mit feststehender Klinge und Kabelbinder. Zudem trug der Mann drei kleine Flaschengl\u00e4ser mit pflanzlichen und braunen Substanzen bei sich.<\/p>\n<p><img style=\"--width:42;--height:32\" loading=\"lazy\" src=\"https:\/\/www.t-online.de\/s\/paper\/_next\/static\/media\/quotationmark.8b94917b.svg\" alt=\"Quotation Mark\" title=\"Quotation Mark\" class=\"block h-[calc(var(--height)_\/_16_*_1rem)] w-[calc(var(--width)_\/_16_*_1rem)] max-w-none mx-12 md:w-[41px]\" decoding=\"async\"\/><\/p>\n<p class=\"py-24 text-22 font-light\">Ich gehe jetzt in den Wald, ich hab mir hier extra jetzt paar Bier geholt damit ich in Ruhe kiffen und Bier trinken kann<\/p>\n<p class=\"tracking-wider pb-24 pt-12 text-16 uppercase leading-17 text-manatee\">Die absurde Erkl\u00e4rung des Mannes<\/p>\n<p class=\"text-18 leading-17\">Der Mann gab an, Marihuana konsumiert zu haben. Auf die Frage nach dem Grund f\u00fcr das Mitf\u00fchren der Machete erkl\u00e4rte er: &#8222;Ich gehe jetzt in den Wald, ich hab mir hier extra jetzt paar Bier geholt damit ich in Ruhe kiffen und Bier trinken kann.&#8220;<\/p>\n<p class=\"text-18 leading-17\">Die Bundespolizei stellte die Machete und die Messer sicher. Gegen den Mann l\u00e4uft nun ein Ordnungswidrigkeitenverfahren wegen Versto\u00dfes gegen das Waffengesetz.<\/p>\n","protected":false},"excerpt":{"rendered":"Dresden-Neustadt Mann mit Machete im Supermarkt \u2013 so absurd reagiert er bei Festnahme 07.07.2025 &#8211; 17:03 UhrLesedauer: 1&hellip;\n","protected":false},"author":2,"featured_media":250791,"comment_status":"","ping_status":"","sticky":false,"template":"","format":"standard","meta":{"footnotes":""},"categories":[1835],"tags":[722,17161,2326,421,3364,29,2386,433,4417,77040,980,30,3441,1981,77041,859,925],"class_list":{"0":"post-250790","1":"post","2":"type-post","3":"status-publish","4":"format-standard","5":"has-post-thumbnail","7":"category-dresden","8":"tag-722","9":"tag-17161","10":"tag-bier","11":"tag-bundespolizei","12":"tag-de","13":"tag-deutschland","14":"tag-dresden","15":"tag-drogen","16":"tag-durchsuchung","17":"tag-einkaufsmarkt","18":"tag-festnahme","19":"tag-germany","20":"tag-machete","21":"tag-messer","22":"tag-multitool","23":"tag-sachsen","24":"tag-supermarkt"},"share_on_mastodon":{"url":"https:\/\/pubeurope.com\/@de\/114815112757147734","error":""},"_links":{"self":[{"href":"https:\/\/www.europesays.com\/de\/wp-json\/wp\/v2\/posts\/250790","targetHints":{"allow":["GET"]}}],"collection":[{"href":"https:\/\/www.europesays.com\/de\/wp-json\/wp\/v2\/posts"}],"about":[{"href":"https:\/\/www.europesays.com\/de\/wp-json\/wp\/v2\/types\/post"}],"author":[{"embeddable":true,"href":"https:\/\/www.europesays.com\/de\/wp-json\/wp\/v2\/users\/2"}],"replies":[{"embeddable":true,"href":"https:\/\/www.europesays.com\/de\/wp-json\/wp\/v2\/comments?post=250790"}],"version-history":[{"count":0,"href":"https:\/\/www.europesays.com\/de\/wp-json\/wp\/v2\/posts\/250790\/revisions"}],"wp:featuredmedia":[{"embeddable":true,"href":"https:\/\/www.europesays.com\/de\/wp-json\/wp\/v2\/media\/250791"}],"wp:attachment":[{"href":"https:\/\/www.europesays.com\/de\/wp-json\/wp\/v2\/media?parent=250790"}],"wp:term":[{"taxonomy":"category","embeddable":true,"href":"https:\/\/www.europesays.com\/de\/wp-json\/wp\/v2\/categories?post=250790"},{"taxonomy":"post_tag","embeddable":true,"href":"https:\/\/www.europesays.com\/de\/wp-json\/wp\/v2\/tags?post=250790"}],"curies":[{"name":"wp","href":"https:\/\/api.w.org\/{rel}","templated":true}]}}