{"id":250794,"date":"2025-07-08T01:53:10","date_gmt":"2025-07-08T01:53:10","guid":{"rendered":"https:\/\/www.europesays.com\/de\/250794\/"},"modified":"2025-07-08T01:53:10","modified_gmt":"2025-07-08T01:53:10","slug":"niedersachsen-bremen-urteile-im-prozess-um-verkaufte-aufenthaltstitel-erwartet","status":"publish","type":"post","link":"https:\/\/www.europesays.com\/de\/250794\/","title":{"rendered":"Niedersachsen &#038; Bremen: Urteile im Prozess um verkaufte Aufenthaltstitel erwartet"},"content":{"rendered":"<p>                    Niedersachsen &amp; Bremen<br \/>\n                Urteile im Prozess um verkaufte Aufenthaltstitel erwartet<\/p>\n<p>\t\t\t\t              08.07.2025, 03:33 Uhr<\/p>\n<p><strong>Ein Mitarbeiter der Ausl\u00e4nderbeh\u00f6rde des Landkreises L\u00fcchow-Dannenberg und ein Helfer sollen Aufenthaltstitel verkauft haben.<\/strong><\/p>\n<p>L\u00fcneburg (dpa\/lni) &#8211; Ein Sachbearbeiter in der Ausl\u00e4nderbeh\u00f6rde des Landkreises L\u00fcchow-Dannenberg und ein Helfer sollen gegen Geld Aufenthaltsgenehmigungen erteilt haben. Das Landgericht in L\u00fcneburg hat f\u00fcr heute (9.00 Uhr) die Urteile angek\u00fcndigt. Die Staatsanwaltschaft hatte sechseinhalb Jahre Haft wegen Bestechlichkeit und Vorteilsnahme f\u00fcr den 31-J\u00e4hrigen und neun Jahre f\u00fcr seinen ein Jahr \u00e4lteren Helfer wegen gemeinschaftlicher Bestechung beantragt.\u00a0<\/p>\n<p>Der Beh\u00f6rdenmitarbeiter soll zu Unrecht die Bescheinigungen ausgestellt oder den zust\u00e4ndigen Sachbearbeitern verschwiegen haben, dass es keinen Anspruch gab. Die beiden Angeklagten r\u00e4umten die Taten teilweise ein.<\/p>\n","protected":false},"excerpt":{"rendered":"Niedersachsen &amp; Bremen Urteile im Prozess um verkaufte Aufenthaltstitel erwartet 08.07.2025, 03:33 Uhr Ein Mitarbeiter der Ausl\u00e4nderbeh\u00f6rde des&hellip;\n","protected":false},"author":2,"featured_media":250795,"comment_status":"","ping_status":"","sticky":false,"template":"","format":"standard","meta":{"footnotes":""},"categories":[1824],"tags":[27423,2420,3364,29,30,1411,1269,11747],"class_list":{"0":"post-250794","1":"post","2":"type-post","3":"status-publish","4":"format-standard","5":"has-post-thumbnail","7":"category-bremen","8":"tag-aufenthaltstitel","9":"tag-bremen","10":"tag-de","11":"tag-deutschland","12":"tag-germany","13":"tag-niedersachsen","14":"tag-prozess","15":"tag-urteile"},"share_on_mastodon":{"url":"https:\/\/pubeurope.com\/@de\/114815120507770002","error":""},"_links":{"self":[{"href":"https:\/\/www.europesays.com\/de\/wp-json\/wp\/v2\/posts\/250794","targetHints":{"allow":["GET"]}}],"collection":[{"href":"https:\/\/www.europesays.com\/de\/wp-json\/wp\/v2\/posts"}],"about":[{"href":"https:\/\/www.europesays.com\/de\/wp-json\/wp\/v2\/types\/post"}],"author":[{"embeddable":true,"href":"https:\/\/www.europesays.com\/de\/wp-json\/wp\/v2\/users\/2"}],"replies":[{"embeddable":true,"href":"https:\/\/www.europesays.com\/de\/wp-json\/wp\/v2\/comments?post=250794"}],"version-history":[{"count":0,"href":"https:\/\/www.europesays.com\/de\/wp-json\/wp\/v2\/posts\/250794\/revisions"}],"wp:featuredmedia":[{"embeddable":true,"href":"https:\/\/www.europesays.com\/de\/wp-json\/wp\/v2\/media\/250795"}],"wp:attachment":[{"href":"https:\/\/www.europesays.com\/de\/wp-json\/wp\/v2\/media?parent=250794"}],"wp:term":[{"taxonomy":"category","embeddable":true,"href":"https:\/\/www.europesays.com\/de\/wp-json\/wp\/v2\/categories?post=250794"},{"taxonomy":"post_tag","embeddable":true,"href":"https:\/\/www.europesays.com\/de\/wp-json\/wp\/v2\/tags?post=250794"}],"curies":[{"name":"wp","href":"https:\/\/api.w.org\/{rel}","templated":true}]}}