{"id":250799,"date":"2025-07-08T01:56:10","date_gmt":"2025-07-08T01:56:10","guid":{"rendered":"https:\/\/www.europesays.com\/de\/250799\/"},"modified":"2025-07-08T01:56:10","modified_gmt":"2025-07-08T01:56:10","slug":"stromausfall-in-dortmund-was-genau-ist-passiert","status":"publish","type":"post","link":"https:\/\/www.europesays.com\/de\/250799\/","title":{"rendered":"Stromausfall in Dortmund: Was genau ist passiert?"},"content":{"rendered":"<p>\t\tGro\u00dfer Stromausfall in Dortmunder Innenstadt am Wochenende<br \/>\n\t\t\t\t\tWas genau ist passiert?<\/p>\n<p>\t\t\t\t<a class=\"article-author__name\" href=\"https:\/\/www.ruhrnachrichten.de\/author\/benedikt-nonninger\/\" rel=\"author noopener\" target=\"_blank\">Benedikt Nonninger<\/a><br \/>\n\t\tVolont\u00e4r<\/p>\n<p>    <a href=\"https:\/\/www.ruhrnachrichten.de\/wp-content\/uploads\/2025\/07\/07\/16\/630_0900_4857657_Stromausfall_2-1648x824.jpg\" target=\"_blank\" rel=\"noopener\"><\/p>\n<p>            <img loading=\"lazy\" decoding=\"async\" src=\"https:\/\/www.europesays.com\/de\/wp-content\/uploads\/2025\/07\/630_0900_4857656_Stromausfall_2-640x428.jpg\" width=\"640\" height=\"428\"  alt=\"Eine Familie bei Kerzenschein\"\/><\/p>\n<p>    <\/a><br \/>\n    In Dortmund ist es in der Nacht vom 5. auf den 6. Juli zu einem Stromausfall gekommen \u00a9 Menne (A)<\/p>\n<p class=\"article__teaser-text\">In der Dortmunder Innenstadt ist es am Wochenende zu einem gr\u00f6\u00dferen Stromausfall gekommen. Bei der Behebung gab es Verz\u00f6gerungen &#8211; was war da los?<\/p>\n<p>3 Min Lesezeit<\/p>\n<p>Chronik des StromausfallsUrsache waren defekte MuffenWie sollte ich mich verhalten?Sonstige Vorkommnisse<\/p>\n","protected":false},"excerpt":{"rendered":"Gro\u00dfer Stromausfall in Dortmunder Innenstadt am Wochenende Was genau ist passiert? Benedikt Nonninger Volont\u00e4r In Dortmund ist es&hellip;\n","protected":false},"author":2,"featured_media":250800,"comment_status":"","ping_status":"","sticky":false,"template":"","format":"standard","meta":{"footnotes":""},"categories":[1833],"tags":[3364,29,217,30,1209,1136,3587],"class_list":{"0":"post-250799","1":"post","2":"type-post","3":"status-publish","4":"format-standard","5":"has-post-thumbnail","7":"category-dortmund","8":"tag-de","9":"tag-deutschland","10":"tag-dortmund","11":"tag-germany","12":"tag-nordrhein-westfalen","13":"tag-stromversorgung","14":"tag-verkehr-mobilitaet"},"share_on_mastodon":{"url":"https:\/\/pubeurope.com\/@de\/114815132454303710","error":""},"_links":{"self":[{"href":"https:\/\/www.europesays.com\/de\/wp-json\/wp\/v2\/posts\/250799","targetHints":{"allow":["GET"]}}],"collection":[{"href":"https:\/\/www.europesays.com\/de\/wp-json\/wp\/v2\/posts"}],"about":[{"href":"https:\/\/www.europesays.com\/de\/wp-json\/wp\/v2\/types\/post"}],"author":[{"embeddable":true,"href":"https:\/\/www.europesays.com\/de\/wp-json\/wp\/v2\/users\/2"}],"replies":[{"embeddable":true,"href":"https:\/\/www.europesays.com\/de\/wp-json\/wp\/v2\/comments?post=250799"}],"version-history":[{"count":0,"href":"https:\/\/www.europesays.com\/de\/wp-json\/wp\/v2\/posts\/250799\/revisions"}],"wp:featuredmedia":[{"embeddable":true,"href":"https:\/\/www.europesays.com\/de\/wp-json\/wp\/v2\/media\/250800"}],"wp:attachment":[{"href":"https:\/\/www.europesays.com\/de\/wp-json\/wp\/v2\/media?parent=250799"}],"wp:term":[{"taxonomy":"category","embeddable":true,"href":"https:\/\/www.europesays.com\/de\/wp-json\/wp\/v2\/categories?post=250799"},{"taxonomy":"post_tag","embeddable":true,"href":"https:\/\/www.europesays.com\/de\/wp-json\/wp\/v2\/tags?post=250799"}],"curies":[{"name":"wp","href":"https:\/\/api.w.org\/{rel}","templated":true}]}}