{"id":250827,"date":"2025-07-08T02:12:10","date_gmt":"2025-07-08T02:12:10","guid":{"rendered":"https:\/\/www.europesays.com\/de\/250827\/"},"modified":"2025-07-08T02:12:10","modified_gmt":"2025-07-08T02:12:10","slug":"berlin-brandenburg-fischereiverband-hofft-auf-mehr-umsicht-bei-wels-bissen","status":"publish","type":"post","link":"https:\/\/www.europesays.com\/de\/250827\/","title":{"rendered":"Berlin &#038; Brandenburg: Fischereiverband hofft auf mehr Umsicht bei Wels-Bissen"},"content":{"rendered":"<p>                    Berlin &amp; Brandenburg<br \/>\n                Fischereiverband hofft auf mehr Umsicht bei Wels-Bissen<\/p>\n<p>\t\t\t\t              08.07.2025, 04:03 Uhr<\/p>\n<p><strong>Einen Wels kostete das Verteidigen seines Nachwuchses das Leben. Brandenburgs Fischer erhoffen sich einen etwas gelasseneren Umgang mit dem Tier.<\/strong><\/p>\n<p>Potsdam (dpa\/bb) &#8211; Brandenburgs Fischer hoffen in Zukunft auf einen umsichtigen Umgang mit Welsen. Sollte in Brandenburg der Fisch mal einen Badegast zwacken, sollte das Tier nicht gleich get\u00f6tet werden, sagte der Gesch\u00e4ftsf\u00fchrer des Landesfischereiverbandes, Lars Dettmann. Bei einem Vorfall am bayerischen Brombachsee sei bei der Reaktion v\u00f6llig \u00fcberzogen worden. &#8222;Das ist das Worst-Case-Szenario&#8220;, sagte Dettman. Der Fisch habe lediglich seine Brut verteidigen wollen.<\/p>\n<p>Wels in Bayern erschossen<\/p>\n<p>Zuletzt waren gleich zweimal innerhalb weniger Tage Schwimmer im Bereich von Badeinseln des Brombachsees von einem Wels angegriffen und leicht verletzt worden. In einem Fall wurde der Fisch daraufhin get\u00f6tet und anschlie\u00dfend in einem Restaurant der Region zum Verspeisen angeboten. Ein Polizeibeamter soll auf das Tier geschossen haben. Die Tierrechtsorganisation Peta k\u00fcndigte daraufhin an, Strafanzeige gegen die Beteiligten stellen zu wollen.<\/p>\n<p>Ein Wels k\u00f6nne mit seinen &#8222;B\u00fcrstenz\u00e4hnchen&#8220;, keine schweren Verletzungen verursachen, sagte Dettmann. H\u00f6chsten oberfl\u00e4chliche Absch\u00fcrfungen seien m\u00f6glich. Das Tier sei &#8222;v\u00f6llig harmlos&#8220;. Dennoch k\u00f6nne er verstehen, dass ein solcher &#8222;Biss&#8220; Unbehagen hervorrufe. &#8222;Das Einfachste, was man tun kann, ist, den Bereich abzusperren&#8220;, f\u00fchrte der Fischerei-Experte aus. Man sollte dem Fisch Zeit geben, bis die Brut schl\u00fcpft. Das dauere beim Wels oft nur wenige Tage.<\/p>\n<p>Solche Vorf\u00e4lle eher selten<\/p>\n<p>Dettmann selbst habe als Chef des Landesfischereiverbandes einen Wels-Biss weder miterlebt noch im engeren Bekanntenkreis davon erfahren. &#8222;Aber man h\u00f6rt so was.&#8220;<\/p>\n<p>In Brandenburg w\u00e4chst die Wels-Population seit einiger Zeit. &#8222;In Brandenburg gibt es kaum ein Gew\u00e4sser, in dem der Wels nicht vorhanden ist&#8220;, sagte Stephan H\u00f6ferer, Wels-Experte und Vizepr\u00e4sident beim Landesanglerverband, vor einiger Zeit.\u00a0<\/p>\n<p>Der Wels profitiere von tendenziell ansteigenden Wassertemperaturen, sagte Dettmann. K\u00e4lteeinbr\u00fcche etwa seien f\u00fcr den Laich ein gro\u00dfes Problem. H\u00f6here Wassertemperaturen sorgten daher beim Wels f\u00fcr reichlich Nachwuchs und gute Wachstumsbedingungen.<\/p>\n","protected":false},"excerpt":{"rendered":"Berlin &amp; Brandenburg Fischereiverband hofft auf mehr Umsicht bei Wels-Bissen 08.07.2025, 04:03 Uhr Einen Wels kostete das Verteidigen&hellip;\n","protected":false},"author":2,"featured_media":250828,"comment_status":"","ping_status":"","sticky":false,"template":"","format":"standard","meta":{"footnotes":""},"categories":[1816],"tags":[1960,1958,1959,1957,296,1956,1890,29,77067,30,46849,77068],"class_list":{"0":"post-250827","1":"post","2":"type-post","3":"status-publish","4":"format-standard","5":"has-post-thumbnail","7":"category-brandenburg","8":"tag-aktuelle-nachrichten-aus-berlin-und-brandenburg","9":"tag-aktuelle-nachrichten-aus-brandenburg","10":"tag-aktuelle-news-aus-berlin-und-brandenburg","11":"tag-aktuelle-news-aus-brandenburg","12":"tag-berlin","13":"tag-berlin-und-brandenburg","14":"tag-brandenburg","15":"tag-deutschland","16":"tag-fischereiverband","17":"tag-germany","18":"tag-umsicht","19":"tag-wels-bissen"},"share_on_mastodon":{"url":"","error":""},"_links":{"self":[{"href":"https:\/\/www.europesays.com\/de\/wp-json\/wp\/v2\/posts\/250827","targetHints":{"allow":["GET"]}}],"collection":[{"href":"https:\/\/www.europesays.com\/de\/wp-json\/wp\/v2\/posts"}],"about":[{"href":"https:\/\/www.europesays.com\/de\/wp-json\/wp\/v2\/types\/post"}],"author":[{"embeddable":true,"href":"https:\/\/www.europesays.com\/de\/wp-json\/wp\/v2\/users\/2"}],"replies":[{"embeddable":true,"href":"https:\/\/www.europesays.com\/de\/wp-json\/wp\/v2\/comments?post=250827"}],"version-history":[{"count":0,"href":"https:\/\/www.europesays.com\/de\/wp-json\/wp\/v2\/posts\/250827\/revisions"}],"wp:featuredmedia":[{"embeddable":true,"href":"https:\/\/www.europesays.com\/de\/wp-json\/wp\/v2\/media\/250828"}],"wp:attachment":[{"href":"https:\/\/www.europesays.com\/de\/wp-json\/wp\/v2\/media?parent=250827"}],"wp:term":[{"taxonomy":"category","embeddable":true,"href":"https:\/\/www.europesays.com\/de\/wp-json\/wp\/v2\/categories?post=250827"},{"taxonomy":"post_tag","embeddable":true,"href":"https:\/\/www.europesays.com\/de\/wp-json\/wp\/v2\/tags?post=250827"}],"curies":[{"name":"wp","href":"https:\/\/api.w.org\/{rel}","templated":true}]}}