{"id":250831,"date":"2025-07-08T02:14:18","date_gmt":"2025-07-08T02:14:18","guid":{"rendered":"https:\/\/www.europesays.com\/de\/250831\/"},"modified":"2025-07-08T02:14:18","modified_gmt":"2025-07-08T02:14:18","slug":"macht-pankow-das-schulbus-aus-jetzt-wieder-rueckgaengig","status":"publish","type":"post","link":"https:\/\/www.europesays.com\/de\/250831\/","title":{"rendered":"Macht Pankow das Schulbus-Aus jetzt wieder r\u00fcckg\u00e4ngig?"},"content":{"rendered":"<p>    Druck auf Beh\u00f6rden in Berliner Bezirk w\u00e4chst: Macht Pankow das Schulbus-Aus jetzt wieder r\u00fcckg\u00e4ngig?<\/p>\n<p>    <a href=\"#main-content\" class=\"tspIbf\">zum Hauptinhalt<\/a>Sie befinden sich hier:<\/p>\n<ol property=\"breadcrumb\" typeof=\"BreadcrumbList\" class=\"tspA2jc\">\n<li property=\"itemListElement\" typeof=\"ListItem\" class=\"tspA2jd\"><a property=\"item\" typeof=\"WebPage\" href=\"https:\/\/www.tagesspiegel.de\" class=\"tspA2je\" target=\"_blank\" rel=\"noopener\">Startseite<\/a><\/li>\n<li property=\"itemListElement\" typeof=\"ListItem\" class=\"tspA2jd\"><a href=\"https:\/\/www.tagesspiegel.de\/berlin\/\" property=\"item\" typeof=\"WebPage\" class=\"tspA2je tspA2jf\" target=\"_blank\" rel=\"noopener\">Berlin<\/a><\/li>\n<li property=\"itemListElement\" typeof=\"ListItem\" class=\"tspA2jd\"><a href=\"https:\/\/www.tagesspiegel.de\/berlin\/bezirke\/\" property=\"item\" typeof=\"WebPage\" class=\"tspA2je\" target=\"_blank\" rel=\"noopener\">Bezirke<\/a><\/li>\n<li property=\"itemListElement\" typeof=\"ListItem\" class=\"tspA2jd\"><a href=\"https:\/\/www.tagesspiegel.de\/berlin\/bezirke\/pankow\/\" property=\"item\" typeof=\"WebPage\" class=\"tspA2je\" target=\"_blank\" rel=\"noopener\">Pankow<\/a><\/li>\n<li property=\"itemListElement\" typeof=\"ListItem\" aria-current=\"page\" class=\"tspA2jd\"><strong property=\"item\" typeof=\"WebPage\" class=\"tspA2je\">Druck auf Beh\u00f6rden in Berliner Bezirk w\u00e4chst: Macht Pankow das Schulbus-Aus jetzt wieder r\u00fcckg\u00e4ngig?<\/strong><\/li>\n<\/ol>\n<p><img decoding=\"async\" src=\"https:\/\/www.europesays.com\/de\/wp-content\/uploads\/2025\/07\/schulbus-in-berlin-school-bus-in-berlin-1020914691.jpeg\" alt=\"Schulbus in Berlin.\" loading=\"lazy\" class=\"tspBGkj\"\/><\/p>\n<p class=\"tspAOg1 tspAOg2\"> \u00a9 imago images\/CHROMORANGE\/CHROMORANGE \/ Karl-Heinz Spremberg via www.imago-images.de <\/p>\n<p class=\"tspA4jh tspGai\">Grundsch\u00fcler sollen k\u00fcnftig zu Fu\u00df oder per \u00d6PNV zum Schwimmunterricht gelangen. Nach Schulen, Eltern und Busfirmen kommt auch Widerspruch aus der Politik. Mit Folgen?<\/p>\n<p> Von  Christian H\u00f6nicke  <\/p>\n<p class=\"tspAQg5\">07.07.2025, 17:10\u00a0Uhr<\/p>\n<dl class=\"tspGa0 debug-piano\">\n<p><dt>showPaywall:<\/dt>\n<dd>true<\/dd>\n<\/p>\n<p><dt>isSubscriber:<\/dt>\n<dd>false<\/dd>\n<\/p>\n<p><dt>isPaid:<\/dt>\n<dd>true<\/dd>\n<\/p>\n<\/dl>\n<p id=\"message-target-blank\" hidden=\"hidden\">\u00f6ffnet in neuem Tab oder Fenster<\/p>\n<p>\n\t\t\tconsole.debug({ userId: &#8222;&#8220;, verifiedBot: &#8222;false&#8220;, botCategory: &#8222;&#8220; })\n\t\t<\/p>\n","protected":false},"excerpt":{"rendered":"Druck auf Beh\u00f6rden in Berliner Bezirk w\u00e4chst: Macht Pankow das Schulbus-Aus jetzt wieder r\u00fcckg\u00e4ngig? zum HauptinhaltSie befinden sich&hellip;\n","protected":false},"author":2,"featured_media":250832,"comment_status":"","ping_status":"","sticky":false,"template":"","format":"standard","meta":{"footnotes":""},"categories":[1825],"tags":[296,5006,31,29,30,530],"class_list":{"0":"post-250831","1":"post","2":"type-post","3":"status-publish","4":"format-standard","5":"has-post-thumbnail","7":"category-berlin","8":"tag-berlin","9":"tag-bezirke","10":"tag-cdu","11":"tag-deutschland","12":"tag-germany","13":"tag-pankow"},"share_on_mastodon":{"url":"https:\/\/pubeurope.com\/@de\/114815203212484593","error":""},"_links":{"self":[{"href":"https:\/\/www.europesays.com\/de\/wp-json\/wp\/v2\/posts\/250831","targetHints":{"allow":["GET"]}}],"collection":[{"href":"https:\/\/www.europesays.com\/de\/wp-json\/wp\/v2\/posts"}],"about":[{"href":"https:\/\/www.europesays.com\/de\/wp-json\/wp\/v2\/types\/post"}],"author":[{"embeddable":true,"href":"https:\/\/www.europesays.com\/de\/wp-json\/wp\/v2\/users\/2"}],"replies":[{"embeddable":true,"href":"https:\/\/www.europesays.com\/de\/wp-json\/wp\/v2\/comments?post=250831"}],"version-history":[{"count":0,"href":"https:\/\/www.europesays.com\/de\/wp-json\/wp\/v2\/posts\/250831\/revisions"}],"wp:featuredmedia":[{"embeddable":true,"href":"https:\/\/www.europesays.com\/de\/wp-json\/wp\/v2\/media\/250832"}],"wp:attachment":[{"href":"https:\/\/www.europesays.com\/de\/wp-json\/wp\/v2\/media?parent=250831"}],"wp:term":[{"taxonomy":"category","embeddable":true,"href":"https:\/\/www.europesays.com\/de\/wp-json\/wp\/v2\/categories?post=250831"},{"taxonomy":"post_tag","embeddable":true,"href":"https:\/\/www.europesays.com\/de\/wp-json\/wp\/v2\/tags?post=250831"}],"curies":[{"name":"wp","href":"https:\/\/api.w.org\/{rel}","templated":true}]}}