{"id":250833,"date":"2025-07-08T02:15:13","date_gmt":"2025-07-08T02:15:13","guid":{"rendered":"https:\/\/www.europesays.com\/de\/250833\/"},"modified":"2025-07-08T02:15:13","modified_gmt":"2025-07-08T02:15:13","slug":"intensivmedizinische-behandlung-nach-verkehrsunfall-berlin-de","status":"publish","type":"post","link":"https:\/\/www.europesays.com\/de\/250833\/","title":{"rendered":"Intensivmedizinische Behandlung nach Verkehrsunfall &#8211; Berlin.de"},"content":{"rendered":"<p>\n    <strong>Nr. 1811<\/strong><br \/>Heute fr\u00fch wurde ein Fu\u00dfg\u00e4nger nach einem Verkehrsunfall in Niedersch\u00f6neweide in ein Krankenhaus gebracht. Nach bisherigen Erkenntnissen war ein 54-J\u00e4hriger gegen 5 Uhr mit einem BVG-Bus der Linie 165 auf einer Betriebsfahrt in der Schnellerstra\u00dfe in Richtung Br\u00fcckenstra\u00dfe unterwegs. In H\u00f6he eines Einkaufszentrums, kurz vor dem S-Bahnhof Sch\u00f6neweide, sei der 26-j\u00e4hrige Fu\u00dfg\u00e4nger, der augenscheinlich unter Alkohol- und Drogeneinfluss gestanden haben soll, von rechts aus auf die Fahrbahn gekippt, seitlich gegen den Bus geprallt und anschlie\u00dfend mit dem Kopf auf dem Bordstein aufgeschlagen. Alarmierte Rettungskr\u00e4fte brachten den Fu\u00dfg\u00e4nger in ein Krankenhaus, in dem er mit Kopfverletzungen auf der Intensivstation aufgenommen wurde. Lebensgefahr soll dem Vernehmen nach nicht bestehen. Der 54 Jahre alte Fahrer des Linienbusses stand deutlich unter dem Eindruck des Geschehens. Er wurde am Ort \u00e4rztlich behandelt. F\u00fcr die Unfallaufnahme und die Rettungsma\u00dfnahmen musste<br \/>\n    der Stra\u00dfenverkehr in Richtung Br\u00fcckenstra\u00dfe von 5 Uhr bis kurz nach 9 Uhr gesperrt werden. Davon war auch der Busverkehr der Linie 165 beeintr\u00e4chtigt. Die weiteren Ermittlungen f\u00fchrt ein Fachkommissariat f\u00fcr Verkehrsdelikte.\n  <\/p>\n","protected":false},"excerpt":{"rendered":"Nr. 1811Heute fr\u00fch wurde ein Fu\u00dfg\u00e4nger nach einem Verkehrsunfall in Niedersch\u00f6neweide in ein Krankenhaus gebracht. Nach bisherigen Erkenntnissen&hellip;\n","protected":false},"author":2,"featured_media":2288,"comment_status":"","ping_status":"","sticky":false,"template":"","format":"standard","meta":{"footnotes":""},"categories":[1825],"tags":[296,29,30,77069,76779,2331,2332,601],"class_list":{"0":"post-250833","1":"post","2":"type-post","3":"status-publish","4":"format-standard","5":"has-post-thumbnail","7":"category-berlin","8":"tag-berlin","9":"tag-deutschland","10":"tag-germany","11":"tag-ii1577910","12":"tag-meldung-polizei-berlin-vom-07-07-2025","13":"tag-polizeimeldung","14":"tag-transport","15":"tag-verkehr"},"share_on_mastodon":{"url":"","error":""},"_links":{"self":[{"href":"https:\/\/www.europesays.com\/de\/wp-json\/wp\/v2\/posts\/250833","targetHints":{"allow":["GET"]}}],"collection":[{"href":"https:\/\/www.europesays.com\/de\/wp-json\/wp\/v2\/posts"}],"about":[{"href":"https:\/\/www.europesays.com\/de\/wp-json\/wp\/v2\/types\/post"}],"author":[{"embeddable":true,"href":"https:\/\/www.europesays.com\/de\/wp-json\/wp\/v2\/users\/2"}],"replies":[{"embeddable":true,"href":"https:\/\/www.europesays.com\/de\/wp-json\/wp\/v2\/comments?post=250833"}],"version-history":[{"count":0,"href":"https:\/\/www.europesays.com\/de\/wp-json\/wp\/v2\/posts\/250833\/revisions"}],"wp:featuredmedia":[{"embeddable":true,"href":"https:\/\/www.europesays.com\/de\/wp-json\/wp\/v2\/media\/2288"}],"wp:attachment":[{"href":"https:\/\/www.europesays.com\/de\/wp-json\/wp\/v2\/media?parent=250833"}],"wp:term":[{"taxonomy":"category","embeddable":true,"href":"https:\/\/www.europesays.com\/de\/wp-json\/wp\/v2\/categories?post=250833"},{"taxonomy":"post_tag","embeddable":true,"href":"https:\/\/www.europesays.com\/de\/wp-json\/wp\/v2\/tags?post=250833"}],"curies":[{"name":"wp","href":"https:\/\/api.w.org\/{rel}","templated":true}]}}