{"id":250834,"date":"2025-07-08T02:16:22","date_gmt":"2025-07-08T02:16:22","guid":{"rendered":"https:\/\/www.europesays.com\/de\/250834\/"},"modified":"2025-07-08T02:16:22","modified_gmt":"2025-07-08T02:16:22","slug":"berlin-fashion-week-5-tragbare-trends-zum-nachshoppen-bei-hm-bonprix-und-co","status":"publish","type":"post","link":"https:\/\/www.europesays.com\/de\/250834\/","title":{"rendered":"Berlin Fashion Week: 5 tragbare Trends zum Nachshoppen bei H&#038;M, bonprix und Co."},"content":{"rendered":"<p>Vergangene Woche stand Berlin ganz im Zeichen der Mode. Ich war vor Ort und habe f\u00fcnf Trends aufgesp\u00fcrt, die nicht nur auf dem Laufsteg, sondern auch auf der Stra\u00dfe funktionieren. Welche das sind und wo du sie nachshoppen kannst, verrate ich dir im Folgenden.<\/p>\n<p>1. Fransen<\/p>\n<p>Fransen feiern aktuell ihr modisches Comeback und bleiben uns weiter erhalten, wie die neuen Fr\u00fchjahr\/Sommer-Kollektionen von Buzigahill, Ioannes oder Marc Cain beweisen. F\u00fcr den Alltag merken wir uns die\u00a0Kombination mit Hemdbluse, aber auch\u00a0Taschen\u00a0eignen sich gut, um sich an den Trend heranzutasten. Wer es auff\u00e4lliger mag, greift zu einem (gerne schwarzen oder wei\u00dfen)\u00a0Minikleid\u00a0mit Fransen.<\/p>\n<p><img loading=\"lazy\" decoding=\"async\" height=\"1024\" width=\"768\" src=\"https:\/\/www.europesays.com\/de\/wp-content\/uploads\/2025\/07\/berlin-fashion-week-trends-nachshoppen-hm-bild1.jpg\" alt=\"\" class=\"wp-image-5666971\"  \/>Credit: Berlin Fashion Week\/Stefan Knauer2. Drapierungen<\/p>\n<p>Kleines Detail mit gro\u00dfer Wirkung: Drapierungen werten jedes noch so schlichte Kleidungsst\u00fcck im Handumdrehen auf. Inspiration findest du bei Haderlump, Avenir und Lueder, wo das Designelement\u00a0Kleider, Blusen\u00a0oder\u00a0T-Shirts\u00a0ziert.\u00a0<\/p>\n<p><img loading=\"lazy\" decoding=\"async\" height=\"1024\" width=\"768\" src=\"https:\/\/www.europesays.com\/de\/wp-content\/uploads\/2025\/07\/berlin-fashion-week-trends-nachshoppen-hm-bild2.jpg\" alt=\"\" class=\"wp-image-5666973\"  \/>Credit: Berlin Fashion Week\/Boris Marberg3. All-Black<\/p>\n<p>Du tr\u00e4gst am liebsten Schwarz? Dann erwartet dich ein Modesommer ganz nach deinem Geschmack! Denn fast jede*r Designer*in zeigt einen oder mehrere Looks in der dunklen Farbe. Esther Perbandt und Viktoranisimov widmen ihr sogar ganze Kollektionen und beweisen: Monochrome Outfits wirken dank besonderer Details oder im Materialmix alles andere als langweilig!<\/p>\n<p><img loading=\"lazy\" decoding=\"async\" height=\"1024\" width=\"768\" src=\"https:\/\/www.europesays.com\/de\/wp-content\/uploads\/2025\/07\/berlin-fashion-week-trends-nachshoppen-hm-bild3.jpg\" alt=\"\" class=\"wp-image-5666975\"  \/>4. Kniestr\u00fcmpfe<\/p>\n<p>Einst Personen mit Venenleiden vorbehalten, erobern\u00a0kniehohe Str\u00fcmpfe\u00a0respektive\u00a0Stulpen\u00a0nun die Laufstege von Clara Colette Miramon, Palmwine IceCream und GmbH. Besonders beliebt ist das Styling mit\u00a0farblich abgestimmten\u00a0Sandalen, Sneakern oder Boots, das aus der Ferne den Eindruck erweckt, das Model w\u00fcrde Stiefel tragen.<\/p>\n<p><img loading=\"lazy\" decoding=\"async\" height=\"1024\" width=\"768\" src=\"https:\/\/www.europesays.com\/de\/wp-content\/uploads\/2025\/07\/berlin-fashion-week-trends-nachshoppen-hm-bild4.jpg\" alt=\"\" class=\"wp-image-5666976\"  \/>Credit: Berlin Fashion Week\/James Cochrane5. T-Shirts mit Print<\/p>\n<p>Wer in den Nullerjahren gro\u00df geworden ist, besa\u00df sie in diversen Ausf\u00fchrungen: Die Rede ist von bedruckten Tops, die im Fr\u00fchjahr\/Sommer 2026 ein Revival erleben und sich vielseitig kombinieren lassen: Sie passen genauso gut zu ultrakurzen Micro-Shorts (Ottolinger, Laura Gerte) wie zu langen Jeans. Und das Beste? Es gibt f\u00fcr jede Stimmung das passende Motiv \u2013 vom rebellischen Spruch \u00fcber das nostalgische Bandlogo bis hin zum grafischen Kunstwerk. <\/p>\n<p><img loading=\"lazy\" decoding=\"async\" height=\"1024\" width=\"768\" src=\"https:\/\/www.europesays.com\/de\/wp-content\/uploads\/2025\/07\/berlin-fashion-week-trends-nachshoppen-hm-bild5.jpg\" alt=\"\" class=\"wp-image-5666978\"  \/>Credit: Berlin Fashion Week\/Finnegan Koichi Godenschweger<\/p>\n<p><strong>Weitere Trend-Themen: <\/strong><\/p>\n<p><a href=\"https:\/\/www.gofeminin.de\/modetrends\/zum-nachshoppen-das-sind-die-schoensten-kleider-trends-2025-s5641016.html\" target=\"_blank\" rel=\"noopener\">Zum Nachshoppen: Das sind die sch\u00f6nsten Kleider-Trends 2025<\/a><\/p>\n<p><a href=\"https:\/\/www.gofeminin.de\/modetrends\/bonprix-kleid-punkte-s5654117.html\" target=\"_blank\" rel=\"noopener\">Ein Hauch Glamour: Das \u201ePretty-Woman-Kleid\u201c von bonprix ist Modetrend des Sommers 2025<\/a><\/p>\n","protected":false},"excerpt":{"rendered":"Vergangene Woche stand Berlin ganz im Zeichen der Mode. Ich war vor Ort und habe f\u00fcnf Trends aufgesp\u00fcrt,&hellip;\n","protected":false},"author":2,"featured_media":250835,"comment_status":"","ping_status":"","sticky":false,"template":"","format":"standard","meta":{"footnotes":""},"categories":[1825],"tags":[296,29,77070,30,280,37461],"class_list":{"0":"post-250834","1":"post","2":"type-post","3":"status-publish","4":"format-standard","5":"has-post-thumbnail","7":"category-berlin","8":"tag-berlin","9":"tag-deutschland","10":"tag-fruehjahr-sommer-modetrends","11":"tag-germany","12":"tag-modetrends","13":"tag-shopping-guide"},"share_on_mastodon":{"url":"https:\/\/pubeurope.com\/@de\/114815211052370752","error":""},"_links":{"self":[{"href":"https:\/\/www.europesays.com\/de\/wp-json\/wp\/v2\/posts\/250834","targetHints":{"allow":["GET"]}}],"collection":[{"href":"https:\/\/www.europesays.com\/de\/wp-json\/wp\/v2\/posts"}],"about":[{"href":"https:\/\/www.europesays.com\/de\/wp-json\/wp\/v2\/types\/post"}],"author":[{"embeddable":true,"href":"https:\/\/www.europesays.com\/de\/wp-json\/wp\/v2\/users\/2"}],"replies":[{"embeddable":true,"href":"https:\/\/www.europesays.com\/de\/wp-json\/wp\/v2\/comments?post=250834"}],"version-history":[{"count":0,"href":"https:\/\/www.europesays.com\/de\/wp-json\/wp\/v2\/posts\/250834\/revisions"}],"wp:featuredmedia":[{"embeddable":true,"href":"https:\/\/www.europesays.com\/de\/wp-json\/wp\/v2\/media\/250835"}],"wp:attachment":[{"href":"https:\/\/www.europesays.com\/de\/wp-json\/wp\/v2\/media?parent=250834"}],"wp:term":[{"taxonomy":"category","embeddable":true,"href":"https:\/\/www.europesays.com\/de\/wp-json\/wp\/v2\/categories?post=250834"},{"taxonomy":"post_tag","embeddable":true,"href":"https:\/\/www.europesays.com\/de\/wp-json\/wp\/v2\/tags?post=250834"}],"curies":[{"name":"wp","href":"https:\/\/api.w.org\/{rel}","templated":true}]}}