{"id":250837,"date":"2025-07-08T02:18:12","date_gmt":"2025-07-08T02:18:12","guid":{"rendered":"https:\/\/www.europesays.com\/de\/250837\/"},"modified":"2025-07-08T02:18:12","modified_gmt":"2025-07-08T02:18:12","slug":"denise-richards-und-aaron-phypers-er-reicht-die-scheidung-ein","status":"publish","type":"post","link":"https:\/\/www.europesays.com\/de\/250837\/","title":{"rendered":"Denise Richards und Aaron Phypers: Er reicht die Scheidung ein"},"content":{"rendered":"<p>Denise Richards und Aaron Phypers<br \/>\nEr reicht die Scheidung ein<\/p>\n<p><img class=\"image image-element__image\"   src=\"https:\/\/www.europesays.com\/de\/wp-content\/uploads\/2025\/07\/07--er-reicht-die-scheidung-ein---3-2---spoton-article-1104773.jpg\" alt=\"Hier machten sie einen gl\u00fccklichen Eindruck: Aaron Phypers und Denise Richards auf einem Event im Mai.\" decoding=\"async\" fetchpriority=\"high\" loading=\"eager\"\/><br \/>\n<a href=\"https:\/\/image.gala.de\/24413646\/t\/Lr\/v3\/w2048\/r1.5\/-\/07--er-reicht-die-scheidung-ein---3-2---spoton-article-1104773.jpg#imago%20images%2FCover-Images\" class=\"image__magnifier\" aria-label=\"Vergr\u00f6\u00dfern\" rel=\"nofollow noopener\" target=\"_blank\"><\/p>\n<p> Hier machten sie einen gl\u00fccklichen Eindruck: Aaron Phypers und <a href=\"https:\/\/www.gala.de\/stars\/starportraets\/denise-richards-20509126.html\" data-article-type=\"star-portrait\" rel=\"nofollow noopener\" target=\"_blank\">Denise Richards<\/a> auf einem Event im Mai. <\/p>\n<p>\u00a9 imago images\/Cover-Images<\/p>\n<p>\nVor wenigen Monaten sagte Denise Richards, dass eine Scheidung f\u00fcr sie nicht in Frage kommen w\u00fcrde. F\u00fcr ihren Ehemann aber offenbar schon.\n<\/p>\n<p class=\"text-element u-richtext u-typo u-typo--article-text article__text-element text-element--context-article\"> Nach nicht ganz sieben Jahren steht die Ehe von <a class=\"link--person\" data-target-type=\"article\" href=\"https:\/\/www.gala.de\/stars\/starportraets\/denise-richards-20509126.html\" rel=\"nofollow noopener\" target=\"_blank\">Denise Richards<\/a>, 54, und Aaron Phypers, 52, anscheinend vor dem Aus. Der Schauspieler soll die Scheidung von seiner Ehefrau eingereicht haben, wie mehrere US-Medien, <a class=\"link--external\" href=\"https:\/\/people.com\/denise-richards-husband-aaron-phypers-files-for-divorce-after-6-years-of-marriage-11767667\" rel=\"nofollow noopener\" target=\"_blank\">darunter &#8222;People&#8220;<\/a>, \u00fcbereinstimmend berichten. Dabei hatte sie vor einigen Monaten noch erz\u00e4hlt, dass sie sich niemals scheiden lassen wollen w\u00fcrde.<\/p>\n<p>Schon wieder die &#8222;un\u00fcberbr\u00fcckbaren Differenzen&#8220;<\/p>\n<p class=\"text-element u-richtext u-typo u-typo--article-text article__text-element text-element--context-article\"> Unter Berufung auf vorliegende Gerichtsunterlagen berichtet das Magazin, dass Phypers die <a class=\"taxonomy-entity keyword\" data-target-type=\"article\" href=\"https:\/\/www.gala.de\/stars\/themen\/scheidung-20956394.html\" rel=\"nofollow noopener\" target=\"_blank\">Scheidung<\/a> am 7. Juli eingereicht habe. Als Trennungsdatum habe er den 4. Juli angegeben und als Grund f\u00fcr das Beziehungs-Aus die in Hollywood ber\u00fcchtigten und wenig detaillierten &#8222;un\u00fcberbr\u00fcckbaren Differenzen&#8220;. Phypers soll ein Ehegattenunterhalt fordern. Beide haben sich bisher nicht zu der Angelegenheit ge\u00e4u\u00dfert.<\/p>\n<p class=\"text-element u-richtext u-typo u-typo--article-text article__text-element text-element--context-article\"> Die beiden waren demnach seit dem Juni 2017 ein Paar und gaben sich im September 2018 das Jawort. F\u00fcr die &#8222;Wild Things&#8220;- und &#8222;Starship Troopers&#8220;-Schauspielerin und ihren Ehemann w\u00e4re es jeweils die zweite Scheidung. Sie war von 2002 bis 2006 mit &#8222;Two and a Half Men&#8220;-Star <a class=\"link--person\" data-target-type=\"article\" href=\"https:\/\/www.gala.de\/stars\/starportraets\/charlie-sheen-20505232.html\" rel=\"nofollow noopener\" target=\"_blank\">Charlie Sheen<\/a>, 59, verheiratet, er zwischen 2015 und 2018 mit &#8222;Desperate Housewives&#8220;-Darstellerin <a class=\"link--person\" data-target-type=\"article\" href=\"https:\/\/www.gala.de\/stars\/starportraets\/nicollette-sheridan-20518480.html\" rel=\"nofollow noopener\" target=\"_blank\">Nicollette Sheridan<\/a>, 61. Sie haben keine gemeinsamen Kinder. Aus Richards&#8216; Beziehung mit Sheen hat sie die 2004 geborene Tochter Sami und Tochter Lola, die ein Jahr sp\u00e4ter zur Welt kam. Im Jahr 2011 adoptierte sie zudem ihre Tochter Eloise.<\/p>\n<p>&#8222;Ich werde mich nie wieder scheiden lassen&#8220;<\/p>\n<p class=\"text-element u-richtext u-typo u-typo--article-text article__text-element text-element--context-article\"> Noch im M\u00e4rz hatten Richards und Phypers in der Reality-Show &#8222;Denise Richards &amp; Her Wild Things&#8220; \u00fcber das Thema Scheidung gesprochen. &#8222;Ich werde mich nie wieder scheiden lassen&#8220;, <a class=\"link--external\" href=\"https:\/\/www.youtube.com\/watch?v=QYoj_6_Sj3M\" rel=\"nofollow noopener\" target=\"_blank\">sagte die Schauspielerin<\/a>. &#8222;Selbst wenn wir uns hassen, werde ich mich verdammt nochmal nicht scheiden lassen.&#8220; Sie gab aber auch zu: &#8222;Es ist nicht einfach, mit mir verheiratet zu sein.&#8220; Dem konnte er nur zustimmen. &#8222;Das ist es nicht! Und sie hat es gesagt&#8220;, warf der Schauspieler ein. Selbst wenn sie sich einmal scheiden lassen w\u00fcrden, w\u00fcrden sie sich seiner Ansicht nach einfach in unterschiedliche H\u00e4user zur\u00fcckziehen, &#8222;aber wir werden uns nicht hassen&#8220;.<\/p>\n<p>\nSpotOnNews\n<\/p>\n<p>#Themen<\/p>\n","protected":false},"excerpt":{"rendered":"Denise Richards und Aaron Phypers Er reicht die Scheidung ein Hier machten sie einen gl\u00fccklichen Eindruck: Aaron Phypers&hellip;\n","protected":false},"author":2,"featured_media":250838,"comment_status":"","ping_status":"","sticky":false,"template":"","format":"standard","meta":{"footnotes":""},"categories":[1776],"tags":[1801,29,214,30,1802,215],"class_list":{"0":"post-250837","1":"post","2":"type-post","3":"status-publish","4":"format-standard","5":"has-post-thumbnail","7":"category-prominente","8":"tag-celebrities","9":"tag-deutschland","10":"tag-entertainment","11":"tag-germany","12":"tag-prominente","13":"tag-unterhaltung"},"share_on_mastodon":{"url":"https:\/\/pubeurope.com\/@de\/114815218684117709","error":""},"_links":{"self":[{"href":"https:\/\/www.europesays.com\/de\/wp-json\/wp\/v2\/posts\/250837","targetHints":{"allow":["GET"]}}],"collection":[{"href":"https:\/\/www.europesays.com\/de\/wp-json\/wp\/v2\/posts"}],"about":[{"href":"https:\/\/www.europesays.com\/de\/wp-json\/wp\/v2\/types\/post"}],"author":[{"embeddable":true,"href":"https:\/\/www.europesays.com\/de\/wp-json\/wp\/v2\/users\/2"}],"replies":[{"embeddable":true,"href":"https:\/\/www.europesays.com\/de\/wp-json\/wp\/v2\/comments?post=250837"}],"version-history":[{"count":0,"href":"https:\/\/www.europesays.com\/de\/wp-json\/wp\/v2\/posts\/250837\/revisions"}],"wp:featuredmedia":[{"embeddable":true,"href":"https:\/\/www.europesays.com\/de\/wp-json\/wp\/v2\/media\/250838"}],"wp:attachment":[{"href":"https:\/\/www.europesays.com\/de\/wp-json\/wp\/v2\/media?parent=250837"}],"wp:term":[{"taxonomy":"category","embeddable":true,"href":"https:\/\/www.europesays.com\/de\/wp-json\/wp\/v2\/categories?post=250837"},{"taxonomy":"post_tag","embeddable":true,"href":"https:\/\/www.europesays.com\/de\/wp-json\/wp\/v2\/tags?post=250837"}],"curies":[{"name":"wp","href":"https:\/\/api.w.org\/{rel}","templated":true}]}}