{"id":250840,"date":"2025-07-08T02:21:17","date_gmt":"2025-07-08T02:21:17","guid":{"rendered":"https:\/\/www.europesays.com\/de\/250840\/"},"modified":"2025-07-08T02:21:17","modified_gmt":"2025-07-08T02:21:17","slug":"das-wurde-aus-den-bauer-sucht-frau-international-paaren","status":"publish","type":"post","link":"https:\/\/www.europesays.com\/de\/250840\/","title":{"rendered":"Das wurde aus den \u201eBauer sucht Frau International\u201c-Paaren"},"content":{"rendered":"<ol class=\"id-DonaldBreadcrumb lp_west_breadcrumb id-DonaldBreadcrumb--default\" data-k5a-pos=\"west_breadcrumb\">\n<li class=\"id-Breadcrumb-item\"><a href=\"https:\/\/www.hna.de\/\" class=\"id-Breadcrumb-link\" data-id-ec=\"{\" shn=\"\" textlink=\"\" data-k5a-pos=\"1_startseite\" rel=\"nofollow noopener\" target=\"_blank\">Startseite<\/a><\/li>\n<li class=\"id-Breadcrumb-item\"><a href=\"https:\/\/www.hna.de\/leute\/\" class=\"id-Breadcrumb-link\" data-id-ec=\"{\" shn=\"\" textlink=\"\" tv=\"\" data-k5a-pos=\"2_starsTv\" rel=\"nofollow noopener\" target=\"_blank\">Stars &amp; TV<\/a><\/li>\n<\/ol>\n<p class=\"id-Story-timestamp id-Story-timestamp--default\">Stand: 07.07.2025, 22:00 Uhr<\/p>\n<p class=\"id-Story-authors id-Story-authors--default\">Von: <a class=\"id-Story-authors-link lp_west_author\" href=\"https:\/\/www.hna.de\/autor\/simon-krug-gu4fj3th4.html\" title=\"Zur Autorenseite von Simon Krug\" data-id-ec=\"{\" shn=\"\" author-link=\"\" krug=\"\" data-k5a-pos=\"west_author\" rel=\"nofollow noopener\" target=\"_blank\">Simon Krug<\/a><\/p>\n<p class=\"id-Story-interactionBar id-Story-interactionBar--default\">DruckenTeilen<\/p>\n<p class=\"id-StoryElement-leadText\">Die \u201eBauer sucht Frau International\u201c-Kandidaten ziehen Bilanz: W\u00e4hrend einige die gro\u00dfe Liebe gefunden haben, sorgt eine Farmerin f\u00fcr eine \u00dcberraschung.<\/p>\n<p class=\"id-StoryElement-paragraph\">K\u00f6ln \u2013 Nach den emotionalen Hofwochen bei \u201eBauer sucht Frau International\u201c melden sich die Kandidaten mit \u00fcberraschenden Updates zu Wort. W\u00e4hrend einige Paare ihr Liebesgl\u00fcck gefunden haben, sorgt Farmerin Iris aus Florida f\u00fcr die wohl gr\u00f6\u00dfte \u00dcberraschung der Staffel. Die 55-J\u00e4hrige enth\u00fcllt eine unerwartete Wendung.<\/p>\n<p>\u201eBauer sucht Frau International\u201c-Iris offenbart: \u201eAnderer Bewerber hat sich bei mir gemeldet\u201c<\/p>\n<p class=\"id-StoryElement-paragraph\">Die Wahl-Amerikanerin gesteht zun\u00e4chst: \u201eDie Hofwoche mit Olaf war wundersch\u00f6n, wir hatten irre viel Spa\u00df.\u201c Doch dann folgte die Ern\u00fcchterung \u2013 beide h\u00e4tten nicht die gleichen Zukunftsvorstellungen gehabt und seitdem auch gar keinen Kontakt mehr. Dann aber die Sensation: \u201eEin anderer Hofherr-Bewerber hat sich bei mir gemeldet.\u201c Iris flog sogar im Mai nach Deutschland und verbrachte viel Zeit mit ihrem neuen Verehrer. Wer der Unbekannte ist, l\u00e4sst sie jedoch offen. \u201eJetzt werden wir mal sehen, was die Zukunft bringt\u201c, verr\u00e4t sie.<\/p>\n<p>Traktor, Tr\u00e4nen, Trauer: Diese \u201eBauer sucht Frau\u201c-Paare haben sich nach der Sendung getrennt<img decoding=\"async\" class=\"id-RatioPlaceholder-element wv_story_el_interstitialImage\" src=\"https:\/\/www.europesays.com\/de\/wp-content\/uploads\/2025\/04\/31491355-drei-bauer-sucht-frau-paare-die-sich-nach-der-sendung-trennten-fotomontage-1ife.jpg\" loading=\"lazy\"   height=\"2160\" width=\"3240\" alt=\"Drei &#x201E;Bauer sucht Frau&#x201C;-Paare, die sich nach der Sendung trennten (Fotomontage)\"\/><a href=\"https:\/\/www.tz.de\/stars\/der-sendung-trennung-rtl-traktor-traenen-trauer-inka-bause-bauer-sucht-frau-paare-nach-91874575.html\" class=\"id-StoryElement-intestitialLink-link\" data-id-ec=\"{\" shn=\"\" ansehen=\"\" data-k5a-pos=\"west_story_12_photoGalleryLink\" title=\"Zur Fotostrecke: Traktor, Tr&#xE4;nen, Trauer: Diese &#x201E;Bauer sucht Frau&#x201C;-Paare haben sich nach der Sendung getrennt\" rel=\"nofollow noopener\" target=\"_blank\">Fotostrecke ansehen<\/a><\/p>\n<p class=\"id-StoryElement-paragraph\">Auch Pferdehofbesitzerin Carmen aus Bali hat gute Nachrichten. Die 42-J\u00e4hrige fragt zun\u00e4chst: \u201eJetzt w\u00fcrde euch bestimmt interessieren: Was wurde aus Patrick und mir?\u201c Dann kommt Patrick (57) ins Bild und sie strahlt: \u201eDa ist er jetzt! Carmen nicht mehr alleine in Bali.\u201c Nun zeigt sich das Paar gemeinsam gl\u00fccklich. Sie genie\u00dfen einfach das Zusammensein und lassen alles auf sich zukommen. \u201eWir sind absolut vertraut\u201c, betont die Auswanderin stolz.<\/p>\n<p>\u201eBauer sucht Frau International\u201c: In Namibia und der Toskana hat es gefunkt<\/p>\n<p class=\"id-StoryElement-paragraph\">Ebenso euphorisch pr\u00e4sentiert sich Rinderz\u00fcchter Marco (39) aus Namibia. \u201eSeit Sabines Haselnuss-Augen mich in Berlin in ihren Bann gezogen haben, wusste ich, warum ich bei dieser Show mitgemacht habe\u201c, schw\u00e4rmt er und f\u00fcgt hinzu: \u201eAus meinem Haus ist endlich ein Zuhause geworden.\u201c Seine Sabine (41) teilt die Euphorie: Es sei f\u00fcr beide \u201eeine Wahnsinnsreise und ein gro\u00dfes Abenteuer\u201c gewesen, \u201eaber das eigentliche Abenteuer beginnt erst jetzt gemeinsam.\u201c<\/p>\n<p><img decoding=\"async\" class=\"id-RatioPlaceholder-element wv_story_el_image\" src=\"https:\/\/www.europesays.com\/de\/wp-content\/uploads\/2025\/07\/38878986-bauer-sucht-frau-international-kandidaten-hofwoche-2qBshDjMaZfe.jpg\" loading=\"lazy\"   height=\"619\" width=\"1100\" alt=\"Die &#x201E;Bauer sucht Frau International&#x201C;-Kandidaten verraten, wie es nach der Hofwoche bei ihnen weiterging.\"\/>Die \u201eBauer sucht Frau International\u201c-Kandidaten verraten, wie es nach der Hofwoche bei ihnen weiterging. \u00a9\u00a0RTL+ (\u201eBauer sucht Frau International\u201c)<\/p>\n<p class=\"id-StoryElement-paragraph\">In Italien herrscht ebenfalls pure Romantik. Winzer Martin (42) habe das Gl\u00fcck gehabt, \u00fcber \u201eBauer sucht Frau International\u201c Vanessa (30) kennenzulernen. Gemeinsam lebten sie nun ihren Traum \u201ehier in der Toskana, im Paradies.\u201c Vanessa gr\u00fc\u00dft derweil aus Hamburg und freut sich darauf, in wenigen Tagen \u201ein meine neue Heimat\u201c zur\u00fcckzufliegen, um dort ihr gemeinsames Leben mit Martin weiter voranzubringen.<\/p>\n<p class=\"id-StoryElement-paragraph\">Bei anderen Kandidaten ist noch alles offen. Rinderfarmer Bj\u00f6rn (30) aus Namibia berichtet, dass Lea nach der Hofwoche nochmal vorbeigekommen sei. Er wolle nun schauen, was die Zukunft bringe. Lea (22) best\u00e4tigt: \u201eIch war drei Wochen lang bei ihm und wir hatten eine sehr sch\u00f6ne Zeit.\u201c<\/p>\n<p class=\"id-StoryElement-paragraph\">Nicht alle \u201eBauer sucht Frau International\u201c-Kandidaten k\u00f6nnen jedoch eine Erfolgsgeschichte erz\u00e4hlen. Pferdewirt Olaf (70) aus Portugal muss einen R\u00fcckschlag verkraften \u2013 er und Anna h\u00e4tten leider nicht zueinander gefunden. Die 65-J\u00e4hrige erkl\u00e4rt diplomatisch, beide h\u00e4tten \u201esehr unterschiedliche Vorstellungen, was eine gemeinsame Zukunft anbelangt\u201c. Weinbauer Roger (61) muss auch konsterniert mitteilen: \u201eHier bin ich, noch immer Single.\u201c Die Hoffnung auf die gro\u00dfe Liebe hat er aber noch nicht aufgegeben, <a href=\"https:\/\/www.hna.de\/leute\/bauer-sucht-frau-hofwoche-fuehrt-zu-enttaeuschung-werden-keine-gemeinsame-zukunft-haben-zr-93803414.html\" class=\"id-import-Link\" data-id-ec=\"{&quot;sht&quot;:&quot;Container&quot;,&quot;shn&quot;:&quot;Story&quot;,&quot;p&quot;:{&quot;containerType&quot;:&quot;Paragraph&quot;,&quot;displayType&quot;:&quot;Paragraph InlineLink&quot;,&quot;type&quot;:&quot;INLINE_LINK&quot;,&quot;value&quot;:&quot;obwohl die Hofwoche auf Teneriffa mit einer Entt&#xE4;uschung endete&quot;,&quot;variant&quot;:&quot;standardLink&quot;,&quot;sponsored&quot;:false,&quot;linkHref&quot;:&quot;https:\/\/www.hna.de\/leute\/bauer-sucht-frau-hofwoche-fuehrt-zu-enttaeuschung-werden-keine-gemeinsame-zukunft-haben-zr-93803414.html&quot;,&quot;storyElementPosition&quot;:22,&quot;storyElementCount&quot;:22}}\" rel=\"nofollow noopener\" target=\"_blank\">obwohl die Hofwoche auf Teneriffa mit einer Entt\u00e4uschung endete<\/a>. (sk) <strong>Verwendete Quellen:<\/strong> RTL+ (\u201eBauer sucht Frau International\u201c, Staffel 7, Folge 8), rtl.de<\/p>\n","protected":false},"excerpt":{"rendered":"Startseite Stars &amp; TV Stand: 07.07.2025, 22:00 Uhr Von: Simon Krug DruckenTeilen Die \u201eBauer sucht Frau International\u201c-Kandidaten ziehen&hellip;\n","protected":false},"author":2,"featured_media":250841,"comment_status":"","ping_status":"","sticky":false,"template":"","format":"standard","meta":{"footnotes":""},"categories":[1773],"tags":[29,214,30,471,1780,215],"class_list":{"0":"post-250840","1":"post","2":"type-post","3":"status-publish","4":"format-standard","5":"has-post-thumbnail","7":"category-serien","8":"tag-deutschland","9":"tag-entertainment","10":"tag-germany","11":"tag-serien","12":"tag-series","13":"tag-unterhaltung"},"share_on_mastodon":{"url":"https:\/\/pubeurope.com\/@de\/114815230509610901","error":""},"_links":{"self":[{"href":"https:\/\/www.europesays.com\/de\/wp-json\/wp\/v2\/posts\/250840","targetHints":{"allow":["GET"]}}],"collection":[{"href":"https:\/\/www.europesays.com\/de\/wp-json\/wp\/v2\/posts"}],"about":[{"href":"https:\/\/www.europesays.com\/de\/wp-json\/wp\/v2\/types\/post"}],"author":[{"embeddable":true,"href":"https:\/\/www.europesays.com\/de\/wp-json\/wp\/v2\/users\/2"}],"replies":[{"embeddable":true,"href":"https:\/\/www.europesays.com\/de\/wp-json\/wp\/v2\/comments?post=250840"}],"version-history":[{"count":0,"href":"https:\/\/www.europesays.com\/de\/wp-json\/wp\/v2\/posts\/250840\/revisions"}],"wp:featuredmedia":[{"embeddable":true,"href":"https:\/\/www.europesays.com\/de\/wp-json\/wp\/v2\/media\/250841"}],"wp:attachment":[{"href":"https:\/\/www.europesays.com\/de\/wp-json\/wp\/v2\/media?parent=250840"}],"wp:term":[{"taxonomy":"category","embeddable":true,"href":"https:\/\/www.europesays.com\/de\/wp-json\/wp\/v2\/categories?post=250840"},{"taxonomy":"post_tag","embeddable":true,"href":"https:\/\/www.europesays.com\/de\/wp-json\/wp\/v2\/tags?post=250840"}],"curies":[{"name":"wp","href":"https:\/\/api.w.org\/{rel}","templated":true}]}}