{"id":250842,"date":"2025-07-08T02:22:13","date_gmt":"2025-07-08T02:22:13","guid":{"rendered":"https:\/\/www.europesays.com\/de\/250842\/"},"modified":"2025-07-08T02:22:13","modified_gmt":"2025-07-08T02:22:13","slug":"swr-trauert-um-radiomoderator-frank-laufenberg","status":"publish","type":"post","link":"https:\/\/www.europesays.com\/de\/250842\/","title":{"rendered":"SWR trauert um Radiomoderator Frank Laufenberg"},"content":{"rendered":"<p><strong>Radio- und TV-Legende Frank Laufenberg ist tot. Der SWR trauert um einen der programmpr\u00e4genden Pioniere von SWF3 sowie Autor vieler Musik-Lexika. Er starb im Alter von 80 Jahren nach kurzer schwerer Krankheit.<\/strong><\/p>\n<p>Frank Laufenberg landete in den 1970er Jahren durch Zufall bei SWF3 und feierte als Moderator der ersten Stunde bei der beliebten Radio-Sendung &#8222;Popshop&#8220; seinen Durchbruch. Er wurde zu einem der programmpr\u00e4genden K\u00f6pfe des Senders und versorgte Musik- und Radiofans \u00fcber Jahrzehnte hinweg mit Wissen rund um die weltweite Pop-Musik.<\/p>\n<p><strong>Kai Gniffke, Intendant des SWR: <\/strong><\/p>\n<p>\u201eMit Frank Laufenberg geht eine der ganz gro\u00dfen Radiolegenden von uns. Seine Art, Geschichten zu erz\u00e4hlen, Musik zu erkl\u00e4ren und Radio zu einem Erlebnis zu machen, hat Generationen von Radioh\u00f6rerinnen und -h\u00f6rern gepr\u00e4gt \u2013 mich selbst eingeschlossen. Ob als Stimme zahlreicher Musiksendungen, als S\u00e4nger von &#8222;Rapper&#8217;s Deutsch&#8220; &#8211; dem ersten deutschen Hip-Hop-Song \u00fcberhaupt &#8211; oder als Biograf von Joe Cocker: Frank Laufenberg wird uns als brillanter Moderator und leidenschaftlicher Musikkenner in Erinnerung bleiben.\u201c<\/p>\n<p><img src=\"https:\/\/www.europesays.com\/de\/wp-content\/uploads\/2025\/07\/1751899152724,zum-tod-von-frank-laufenberg-100~_v-16x9@2dS_-6be50a9c75559ca1aaf1d0b25bae287afdcd877a.jpeg\"   class=\"\" data-copyright=\"Foto: SWR, Gitzinger\" alt=\"Frank Laufenberg \" title=\"Frank Laufenberg  (Foto: SWR, Gitzinger)\" width=\"320\" height=\"180\" decoding=\"async\" loading=\"lazy\"\/><\/p>\n<p>Frank Laufenberg \u00a9 SWR\/Gitzinger<\/p>\n<p><a href=\"https:\/\/www.swr.de\" rel=\"external nofollow noopener\" class=\"link\" tabindex=\"-1\" itemprop=\"url\" target=\"_blank\"><br \/>\nSWR<br \/>\n<\/a><\/p>\n<p><a rel=\"external nofollow\" class=\"link\" tabindex=\"-1\" itemprop=\"url\"><br \/>\nGitzinger<br \/>\n<\/a><\/p>\n<p>\nDownload (Verwendung f\u00fcr redaktionelle Zwecke)\n<\/p>\n<p>\nWir danken f\u00fcr Ihr Verst\u00e4ndnis, dass SWR Presse und Public Affairs ausschlie\u00dflich Anfragen von Journalist:innen beantwortet.\n<\/p>\n<p>Zuschauer:innen finden <a href=\"https:\/\/www.swr.de\/home\/ansprechpartner-100.html\" class=\"link link-inline inline-link\" title=\"So erreichen Sie uns - Ihr Kontakt zum SWR\" rel=\"nofollow noopener\" target=\"_blank\">hier<\/a> Kontakte f\u00fcr ihre Fragen. <\/p>\n<p>\nHier k\u00f6nnen Sie den kostenlosen Unternehmensnewsletter \u201eSWR vernetzt\u201c abonnieren, der immer donnerstags weitere Einblicke in den SWR und seine Programme liefert.<\/p>\n","protected":false},"excerpt":{"rendered":"Radio- und TV-Legende Frank Laufenberg ist tot. Der SWR trauert um einen der programmpr\u00e4genden Pioniere von SWF3 sowie&hellip;\n","protected":false},"author":2,"featured_media":250843,"comment_status":"","ping_status":"","sticky":false,"template":"","format":"standard","meta":{"footnotes":""},"categories":[1772],"tags":[29,214,30,1779,810,215],"class_list":{"0":"post-250842","1":"post","2":"type-post","3":"status-publish","4":"format-standard","5":"has-post-thumbnail","7":"category-musik","8":"tag-deutschland","9":"tag-entertainment","10":"tag-germany","11":"tag-music","12":"tag-musik","13":"tag-unterhaltung"},"share_on_mastodon":{"url":"https:\/\/pubeurope.com\/@de\/114815234415762665","error":""},"_links":{"self":[{"href":"https:\/\/www.europesays.com\/de\/wp-json\/wp\/v2\/posts\/250842","targetHints":{"allow":["GET"]}}],"collection":[{"href":"https:\/\/www.europesays.com\/de\/wp-json\/wp\/v2\/posts"}],"about":[{"href":"https:\/\/www.europesays.com\/de\/wp-json\/wp\/v2\/types\/post"}],"author":[{"embeddable":true,"href":"https:\/\/www.europesays.com\/de\/wp-json\/wp\/v2\/users\/2"}],"replies":[{"embeddable":true,"href":"https:\/\/www.europesays.com\/de\/wp-json\/wp\/v2\/comments?post=250842"}],"version-history":[{"count":0,"href":"https:\/\/www.europesays.com\/de\/wp-json\/wp\/v2\/posts\/250842\/revisions"}],"wp:featuredmedia":[{"embeddable":true,"href":"https:\/\/www.europesays.com\/de\/wp-json\/wp\/v2\/media\/250843"}],"wp:attachment":[{"href":"https:\/\/www.europesays.com\/de\/wp-json\/wp\/v2\/media?parent=250842"}],"wp:term":[{"taxonomy":"category","embeddable":true,"href":"https:\/\/www.europesays.com\/de\/wp-json\/wp\/v2\/categories?post=250842"},{"taxonomy":"post_tag","embeddable":true,"href":"https:\/\/www.europesays.com\/de\/wp-json\/wp\/v2\/tags?post=250842"}],"curies":[{"name":"wp","href":"https:\/\/api.w.org\/{rel}","templated":true}]}}