{"id":250847,"date":"2025-07-08T02:25:17","date_gmt":"2025-07-08T02:25:17","guid":{"rendered":"https:\/\/www.europesays.com\/de\/250847\/"},"modified":"2025-07-08T02:25:17","modified_gmt":"2025-07-08T02:25:17","slug":"portugal-schockt-italien-spaet-spanien-weiter","status":"publish","type":"post","link":"https:\/\/www.europesays.com\/de\/250847\/","title":{"rendered":"Portugal schockt Italien sp\u00e4t \u2013 Spanien weiter"},"content":{"rendered":"<p>Wilde Schlussphase bei EM-Partie <\/p>\n<p>Traumtor reicht nicht: Portugal schockt Italien sp\u00e4t<\/p>\n<p>Aktualisiert am 07.07.2025 &#8211; 23:14 UhrLesedauer: 2 Min.<\/p>\n<p><a href=\"#focus-0\" class=\"transition-colors duration-200 focus-within:text-magenta block text-current relative\" data-sctrack=\"FocusGalleryImage.Reference\"><img fetchpriority=\"high\" data-testid=\"Opener.Image\" style=\"--lqipURL:url('https:\/\/images.t-online.de\/2025\/07\/Wz9QfC842Liy\/0x602:1320x743\/fit-in\/150x0\/filters:blur(25)\/diana-gomes-r-die-abwehrspielerin-liess-sich-von-ihren-mannschaftskolleginnen-feiern.jpg')\"   loading=\"eager\" src=\"https:\/\/www.europesays.com\/de\/wp-content\/uploads\/2025\/07\/diana-gomes-r-die-abwehrspielerin-liess-sich-von-ihren-mannschaftskolleginnen-feiern.jpg\" alt=\"Diana Gomes (r.): Die Abwehrspielerin lie\u00df sich von ihren Mannschaftskolleginnen feiern.\" title=\"Diana Gomes (r.): Die Abwehrspielerin lie\u00df sich von ihren Mannschaftskolleginnen feiern.\" width=\"1320\" height=\"743\" class=\"bg-[url:var(--lqipURL)] bg-cover bg-center flex h-full w-full max-w-full\" decoding=\"async\"\/><img style=\"--width:32;--height:32\" loading=\"lazy\" src=\"https:\/\/www.t-online.de\/s\/paper\/_next\/static\/media\/zoom-in.f7dae02f.svg\" alt=\"Vergr\u00f6\u00dfern des Bildes\" title=\"Vergr\u00f6\u00dfern des Bildes\" class=\"block h-[calc(var(--height)_\/_16_*_1rem)] w-[calc(var(--width)_\/_16_*_1rem)] max-w-none absolute bottom-8 right-8 rounded-4 bg-snow p-8\" decoding=\"async\"\/><\/a><\/p>\n<p>Diana Gomes (r.): Die Abwehrspielerin lie\u00df sich von ihren Mannschaftskolleginnen feiern. (Quelle: Alessandra Tarantino)<\/p>\n<p class=\"font-bold text-18 leading-17\">Italiens Fu\u00dfballerinnen haben den vorzeitigen Einzug ins EM-Viertelfinale verpasst. Ein sp\u00e4ter Gegentreffer entriss dem Team von Trainer Andrea Soncin noch den Sieg.<\/p>\n<p class=\"text-18 leading-17\">Der Viertelfinaleinzug schien bereits zum Greifen nah, doch die italienische Frauen-Nationalmannschaft kassierte am Montagabend in ihrem zweiten Gruppenspiel bei der Europameisterschaft einen sp\u00e4ten Nackenschlag. Gegen Portugal hie\u00df es am Ende 1:1 (0:0), nachdem Diana Gomes f\u00fcr die Ibererinnen in der 89. Minute den Ausgleich erzielt hatte. Italien war zuvor durch ein Traumtor von Cristiana Girelli in F\u00fchrung gegangen (70.).<\/p>\n<p class=\"text-18 leading-17\">Die Mannschaft um Bayern-Akteurin Arianna Caruso steht nach dem Auftaktsieg gegen Belgien nun bei vier Punkten, Portugal hat einen Z\u00e4hler auf dem Konto. Beide Teams hoffen vor dem letzten Spiel noch auf das Viertelfinalticket.<\/p>\n<p class=\"text-18 leading-17\">Dieses hat die spanische Nationalmannschaft nach dem Remis in Genf bereits sicher. Die Weltmeisterinnen siegten zuvor gegen Belgien mit 6:2 und k\u00f6nnen mit nun sechs Punkten nicht mehr von einem der ersten beiden R\u00e4nge in der Gruppe verdr\u00e4ngt werden. Belgien ist wiederum ausgeschieden. Am Freitag trifft Italien auf Spanien, Portugal bekommt es mit den Belgierinnen zu tun.<\/p>\n<p class=\"text-18 leading-17\">Das Remis gegen Italien hatte sich die &#8222;Sele\u00e7\u00e3o das Quinas&#8220; mit einem leidenschaftlichen Auftritt erk\u00e4mpft. Die Italienerinnen hatten zwar die besseren Chancen, wie durch Cecilia Salvai, die nur die Latte traf (21.), doch die Abwehr um die gro\u00df aufspielenden Torh\u00fcterin Patr\u00edcia Morais hielt lange dicht. Gegen Girellis traumhaften Schlenzer in den Winkel war dann aber auch die 33-J\u00e4hrige machtlos.<\/p>\n<p class=\"text-18 leading-17\">Portugal gab sich jedoch nicht auf: Ein Abseitstreffer von Diana Silva brachte das Stadion zun\u00e4chst zum Beben, fand aber nach Videobeweis zurecht keine Anerkennung (80.). Die Situation l\u00e4utete aber eine turbulente Schlussphase ein, in der Carole zun\u00e4chst am Aluminium scheiterte (88.) und Diana Gomes dann per Heber ausglich. Italien vergab in der Nachspielzeit noch zwei gute M\u00f6glichkeiten auf den Sieg. Portugals Ana Borges sah zudem noch die Gelb-Rote Karte (90. +6).<\/p>\n","protected":false},"excerpt":{"rendered":"Wilde Schlussphase bei EM-Partie Traumtor reicht nicht: Portugal schockt Italien sp\u00e4t Aktualisiert am 07.07.2025 &#8211; 23:14 UhrLesedauer: 2&hellip;\n","protected":false},"author":2,"featured_media":250848,"comment_status":"","ping_status":"","sticky":false,"template":"","format":"standard","meta":{"footnotes":""},"categories":[136],"tags":[77072,77073,772,1423,29,77071,52595,17355,30,355,7118,4026,265,5000,77074],"class_list":{"0":"post-250847","1":"post","2":"type-post","3":"status-publish","4":"format-standard","5":"has-post-thumbnail","7":"category-sport","8":"tag-andrea-soncin","9":"tag-arianna-caruso","10":"tag-bayern","11":"tag-belgien","12":"tag-deutschland","13":"tag-diana-gomes","14":"tag-fussball-europameisterschaft","15":"tag-gegentreffer","16":"tag-germany","17":"tag-italien","18":"tag-portugal","19":"tag-spanien","20":"tag-sport","21":"tag-traumtor","22":"tag-viertelfinaleinzug"},"share_on_mastodon":{"url":"https:\/\/pubeurope.com\/@de\/114815246282547356","error":""},"_links":{"self":[{"href":"https:\/\/www.europesays.com\/de\/wp-json\/wp\/v2\/posts\/250847","targetHints":{"allow":["GET"]}}],"collection":[{"href":"https:\/\/www.europesays.com\/de\/wp-json\/wp\/v2\/posts"}],"about":[{"href":"https:\/\/www.europesays.com\/de\/wp-json\/wp\/v2\/types\/post"}],"author":[{"embeddable":true,"href":"https:\/\/www.europesays.com\/de\/wp-json\/wp\/v2\/users\/2"}],"replies":[{"embeddable":true,"href":"https:\/\/www.europesays.com\/de\/wp-json\/wp\/v2\/comments?post=250847"}],"version-history":[{"count":0,"href":"https:\/\/www.europesays.com\/de\/wp-json\/wp\/v2\/posts\/250847\/revisions"}],"wp:featuredmedia":[{"embeddable":true,"href":"https:\/\/www.europesays.com\/de\/wp-json\/wp\/v2\/media\/250848"}],"wp:attachment":[{"href":"https:\/\/www.europesays.com\/de\/wp-json\/wp\/v2\/media?parent=250847"}],"wp:term":[{"taxonomy":"category","embeddable":true,"href":"https:\/\/www.europesays.com\/de\/wp-json\/wp\/v2\/categories?post=250847"},{"taxonomy":"post_tag","embeddable":true,"href":"https:\/\/www.europesays.com\/de\/wp-json\/wp\/v2\/tags?post=250847"}],"curies":[{"name":"wp","href":"https:\/\/api.w.org\/{rel}","templated":true}]}}