{"id":250853,"date":"2025-07-08T02:28:13","date_gmt":"2025-07-08T02:28:13","guid":{"rendered":"https:\/\/www.europesays.com\/de\/250853\/"},"modified":"2025-07-08T02:28:13","modified_gmt":"2025-07-08T02:28:13","slug":"das-ist-der-naechste-schlag-ins-gesicht","status":"publish","type":"post","link":"https:\/\/www.europesays.com\/de\/250853\/","title":{"rendered":"\u201eDas ist der n\u00e4chste Schlag ins Gesicht\u201c"},"content":{"rendered":"<p class=\"paragraph tw-mx-auto tw-mb-6\">Viele, sagen sie, h\u00e4tten bereits gesundheitliche Probleme bekommen. Zu aufregend waren die vergangenen Tage, als sie realisieren mussten: Sie sind alle gek\u00fcndigt, alle rund 80 Besch\u00e4ftigten der Kaufland-Filiale in der Kientenstra\u00dfe.<\/p>\n<p class=\"paragraph tw-mx-auto tw-mb-6\">Inzwischen lockt Kaufland die Besch\u00e4ftigten mit einer Bleibepr\u00e4mie, zahlt ihnen 30 Euro pro Tag, wenn sie trotz der Situation nicht sofort das Handtuch werfen. Eine Kaufland-Sprecherin best\u00e4tigte das jetzt auf Anfrage unserer Zeitung.<\/p>\n<p class=\"paragraph tw-mx-auto tw-mb-6\">Doch die Bleibepr\u00e4mie ruft in der Belegschaft gemischte Gef\u00fchle hervor: \u201eDas ist der n\u00e4chste Schlag ins Gesicht\u201c, sagt eine. \u201eDiejenigen, die noch bis zum 30. Januar \u00fcbrig bleiben, k\u00f6nnen dann die Drecksarbeit \u00fcbernehmen, den kompletten Laden ausr\u00e4umen und sich dann am 1. Februar arbeitslos melden.\u201c<\/p>\n<p class=\"paragraph tw-mx-auto tw-mb-6 tw-font-bold\">Was sagt Kaufland zu den Vorw\u00fcrfen?<\/p>\n<p class=\"paragraph tw-mx-auto tw-mb-6\">Eine Kaufland-Sprecherin schreibt auf Anfrage unserer Redaktion: \u201eSelbstverst\u00e4ndlich haben Mitarbeitende die M\u00f6glichkeit, sich fr\u00fchzeitig nach einer alternativen Besch\u00e4ftigung umzusehen. Gleichzeitig wissen wir ihr Engagement und ihre Bereitschaft, den Filialbetrieb bis zum Schluss in gewohnter Qualit\u00e4t f\u00fcr unsere Kundinnen und Kunden aufrechtzuerhalten, sehr zu sch\u00e4tzen.\u201c<\/p>\n<p class=\"paragraph tw-mx-auto tw-mb-6\">Und weiter: \u201eAls Anerkennung f\u00fcr die Bereitschaft, trotz der anspruchsvollen Situation noch weiter mit uns zusammenzuarbeiten, erhalten die Kollegen pro Einsatztag mindestens 30 Euro zus\u00e4tzlich zu ihrem Gehalt.\u201c<\/p>\n<p class=\"paragraph tw-mx-auto tw-mb-6 tw-font-bold\">Viele Mitarbeiter hadern damit, dass Kaufland sie w\u00e4hrend der geplanten Neubauphase nicht in anderen Filialen weiterbesch\u00e4ftigt. Wurden wirklich alle Alternativen gr\u00fcndlich gepr\u00fcft?<\/p>\n<p class=\"paragraph tw-mx-auto tw-mb-6\">Die Kaufland-Sprecherin sagt: \u201eUns ist bewusst, dass die Situation f\u00fcr alle Beteiligten vor Ort belastend und nicht einfach ist. F\u00fcr uns sind betriebsbedingte K\u00fcndigungen das letzte Mittel und wir m\u00f6chten nochmals betonen, dass wir alle Alternativen sorgf\u00e4ltig gepr\u00fcft haben. Hintergrund der Schlie\u00dfung ist, wie bereits geschildert, der geplante Abriss und Neubau am Standort, f\u00fcr den rund zwei Jahre angesetzt sind.\u201c<\/p>\n<p class=\"paragraph tw-mx-auto tw-mb-6 tw-font-bold\">Ein h\u00e4ufig genannter Kritikpunkt aus den Reihen der Betroffenen: Kaufland-Verantwortliche h\u00e4tten die teils jahrelange Arbeit der Besch\u00e4ftigten nicht angemessen gew\u00fcrdigt, gar kaltherzig die Hiobsbotschaft \u00fcberbracht. H\u00e4tte Kaufland besser kommunizieren m\u00fcssen?<\/p>\n<p class=\"paragraph tw-mx-auto tw-mb-6\">Kaufland teilt hierzu mit: \u201eUnsere F\u00fchrungskr\u00e4fte vor Ort sind mit fast allen Mitarbeitenden pers\u00f6nlich ins Gespr\u00e4ch gegangen und haben sich viel Zeit f\u00fcr sie genommen. Das haben die Mitarbeiter vor Ort auch positiv aufgenommen.\u201c<\/p>\n<p class=\"paragraph tw-mx-auto tw-mb-6 tw-font-bold\">Nicht wertgesch\u00e4tzt f\u00fchlen sich viele Betroffene auch deshalb, weil die angebotene Abfindung aus ihrer Sicht unversch\u00e4mt gering ausfalle. Was sagt Kaufland zu diesem Thema?<\/p>\n<p class=\"paragraph tw-mx-auto tw-mb-6\">\u201eDie Abfindungen entsprechen den rechtlichen Rahmenbedingungen des K\u00fcndigungsschutzgesetzes. F\u00fcr langj\u00e4hrige Mitarbeiter, die wir im Rahmen des Betriebs\u00fcbergangs vom Vorg\u00e4ngerunternehmen Grosso \u00fcbernommen haben, ber\u00fccksichtigen wir die dortige Betriebszugeh\u00f6rigkeit bei der Abfindung.\u201c<\/p>\n","protected":false},"excerpt":{"rendered":"Viele, sagen sie, h\u00e4tten bereits gesundheitliche Probleme bekommen. Zu aufregend waren die vergangenen Tage, als sie realisieren mussten:&hellip;\n","protected":false},"author":2,"featured_media":250854,"comment_status":"","ping_status":"","sticky":false,"template":"","format":"standard","meta":{"footnotes":""},"categories":[134],"tags":[976,175,170,169,29,70832,30,2940,72135,37867,171,174,72134,2190,173,172],"class_list":{"0":"post-250853","1":"post","2":"type-post","3":"status-publish","4":"format-standard","5":"has-post-thumbnail","7":"category-unternehmen-maerkte","8":"tag-albstadt","9":"tag-business","10":"tag-companies","11":"tag-companies-markets","12":"tag-deutschland","13":"tag-ebingen","14":"tag-germany","15":"tag-kaufland","16":"tag-kientenstrasse","17":"tag-kuendigungen","18":"tag-markets","19":"tag-maerkte","20":"tag-massenentlassung","21":"tag-neubau","22":"tag-unternehmen","23":"tag-unternehmen-maerkte"},"share_on_mastodon":{"url":"https:\/\/pubeurope.com\/@de\/114815258157765539","error":""},"_links":{"self":[{"href":"https:\/\/www.europesays.com\/de\/wp-json\/wp\/v2\/posts\/250853","targetHints":{"allow":["GET"]}}],"collection":[{"href":"https:\/\/www.europesays.com\/de\/wp-json\/wp\/v2\/posts"}],"about":[{"href":"https:\/\/www.europesays.com\/de\/wp-json\/wp\/v2\/types\/post"}],"author":[{"embeddable":true,"href":"https:\/\/www.europesays.com\/de\/wp-json\/wp\/v2\/users\/2"}],"replies":[{"embeddable":true,"href":"https:\/\/www.europesays.com\/de\/wp-json\/wp\/v2\/comments?post=250853"}],"version-history":[{"count":0,"href":"https:\/\/www.europesays.com\/de\/wp-json\/wp\/v2\/posts\/250853\/revisions"}],"wp:featuredmedia":[{"embeddable":true,"href":"https:\/\/www.europesays.com\/de\/wp-json\/wp\/v2\/media\/250854"}],"wp:attachment":[{"href":"https:\/\/www.europesays.com\/de\/wp-json\/wp\/v2\/media?parent=250853"}],"wp:term":[{"taxonomy":"category","embeddable":true,"href":"https:\/\/www.europesays.com\/de\/wp-json\/wp\/v2\/categories?post=250853"},{"taxonomy":"post_tag","embeddable":true,"href":"https:\/\/www.europesays.com\/de\/wp-json\/wp\/v2\/tags?post=250853"}],"curies":[{"name":"wp","href":"https:\/\/api.w.org\/{rel}","templated":true}]}}