{"id":250857,"date":"2025-07-08T02:30:21","date_gmt":"2025-07-08T02:30:21","guid":{"rendered":"https:\/\/www.europesays.com\/de\/250857\/"},"modified":"2025-07-08T02:30:21","modified_gmt":"2025-07-08T02:30:21","slug":"robert-habeck-zieht-es-beruflich-nach-daenemark","status":"publish","type":"post","link":"https:\/\/www.europesays.com\/de\/250857\/","title":{"rendered":"Robert Habeck zieht es beruflich nach D\u00e4nemark"},"content":{"rendered":"<p>        <img decoding=\"async\" src=\"https:\/\/www.europesays.com\/de\/wp-content\/uploads\/2025\/07\/habeck-656.webp\" alt=\"Ein Mann l\u00e4chelt in die Kamera. Es ist Robert Habeck\" title=\"Ein Mann l\u00e4chelt in die Kamera. Es ist Robert Habeck | picture alliance \/ Geisler-Fotopress | Bernd Elmenthaler\/Geisler-Fotopr\" class=\"responsive\"\/><\/p>\n<p>\n            Stand: 07.07.2025 21:02 Uhr<\/p>\n<p class=\"preface\">In der d\u00e4nischen Hauptstadt Kopenhagen m\u00f6chte er nach Angaben der Deutschen Presseagentur (dpa) vom Montag (7.7.) k\u00fcnftig am D\u00e4nischen Institut f\u00fcr Internationale Studien arbeiten. <\/p>\n<p class=\"\">\nZuvor hatte <a href=\"https:\/\/www.ndr.de\/nachrichten\/schleswig-holstein\/textlink-22678~splash.html\" title=\"Robert Habeck geht nach D\u00e4nemark\" data-url=\"https:\/\/www.spiegel.de\/politik\/deutschland\/robert-habeck-und-joerg-kukies-das-machen-die-ex-minister-der-ampel-kuenftig-a-92a34bc1-b6a0-4acf-a39f-0056db8567b8\" class=\"js-link-dialog\" data-type=\"external\" target=\"_blank\" rel=\"noopener\">der &#8222;Spiegel&#8220; berichtet<\/a>. Habeck spricht d\u00e4nisch und hatte bereits einen Teil seines Studiums in D\u00e4nemark verbracht. Au\u00dferdem will er den Angaben zufolge an &#8222;verschiedenen au\u00dfereurop\u00e4ischen Universit\u00e4ten als Gastprofessor&#8220; t\u00e4tig werden.<\/p>\n<p>    Verbleib im Bundestag noch offen<\/p>\n<p class=\"\">\nBereits im Juni wurde bekannt, dass er <a href=\"https:\/\/www.ndr.de\/nachrichten\/schleswig-holstein\/Robert-Habeck-wird-Gastprofessor-an-Universitaet-in-Kalifornien,shnews2416.html\" title=\"Robert Habeck wird Gastprofessor an Universit\u00e4t in Kalifornien\" target=\"_blank\" rel=\"noopener\">Gastprofessor an der Universit\u00e4t Berkeley in Kalifornien<\/a> wird. Zudem strebe er &#8222;freiberufliche Engagements als Redner zu verschiedenen Anl\u00e4ssen&#8220; an, wie aus einer Bekanntmachung im Bundesanzeiger hervorgeht. Ab Oktober plant er laut dpa eine Gespr\u00e4chsreihe unter dem Titel &#8222;Habeck live&#8220; am Berliner Ensemble.<\/p>\n<p class=\"\">\nUnklar ist, ob Habeck sein Bundestagsmandat behalten will. Er sitzt im Ausw\u00e4rtigen Ausschuss und vertritt im Parlament den Wahlkreis Flensburg-Schleswig.<\/p>\n<p>        <img decoding=\"async\" src=\"https:\/\/www.europesays.com\/de\/wp-content\/uploads\/2025\/06\/podcastlogo104.webp\" alt=\"Ein Mikrofon vor zwei Menschen.\" title=\"Ein Mikrofon vor zwei Menschen. | NDR, Janis R\u00f6hlig\" class=\"responsive\" loading=\"lazy\"\/><\/p>\n<p>\n                                    4 Min<\/p>\n<p>Alles, was f\u00fcr Schleswig-Holstein wichtig ist: Im Nachrichten-Podcast von NDR 1 Welle Nord h\u00f6ren Sie das Neueste aus Schleswig-Holstein, Deutschland und der Welt.<\/p>\n<p>        <img decoding=\"async\" src=\"https:\/\/www.europesays.com\/de\/wp-content\/uploads\/2025\/07\/habeck1354.webp\" alt=\"Robert Habeck (B\u00fcndnis 90\/Die Gr\u00fcnen), Kanzlerkandidat der Gr\u00fcnen und Bundesminister f\u00fcr Wirtschaft und Klimaschutz, spricht bei einer Wahlkampfveranstaltung der Gr\u00fcnen unter dem Motto &quot;Dialog statt Duell&quot; in der Columbiahalle.\" title=\"Robert Habeck (B\u00fcndnis 90\/Die Gr\u00fcnen), Kanzlerkandidat der Gr\u00fcnen und Bundesminister f\u00fcr Wirtschaft und Klimaschutz, spricht bei einer Wahlkampfveranstaltung der Gr\u00fcnen unter dem Motto &quot;Dialog statt Duell&quot; in der Columbiahalle. | Christoph Soeder\/dpa +++ dpa-Bildfunk +++, Christoph Soeder\" class=\"responsive\" loading=\"lazy\"\/><\/p>\n<p>Bereits vor einigen Wochen gab es Berichte, dass er auf sein Bundestagsmandat verzichtet und beruflich neue Wege gehen will.<\/p>\n<p>Dieses Thema im Programm:<\/p>\n<p>                NDR 1 Welle Nord | Nachrichten f\u00fcr Schleswig-Holstein | 08.07.2025 | 06:00 Uhr<\/p>\n<p>        Schlagw\u00f6rter zu diesem Artikel<\/p>\n<p>            <a href=\"https:\/\/www.ndr.de\/nachrichten\/info\/Gruene,gruene439.html\" target=\"_blank\" rel=\"noopener\">Gr\u00fcne<\/a><\/p>\n","protected":false},"excerpt":{"rendered":"Stand: 07.07.2025 21:02 Uhr In der d\u00e4nischen Hauptstadt Kopenhagen m\u00f6chte er nach Angaben der Deutschen Presseagentur (dpa) vom&hellip;\n","protected":false},"author":2,"featured_media":250858,"comment_status":"","ping_status":"","sticky":false,"template":"","format":"standard","meta":{"footnotes":""},"categories":[2],"tags":[29,77075,30,2013,13,14,15,77076,1178,12,10,8,9,11],"class_list":{"0":"post-250857","1":"post","2":"type-post","3":"status-publish","4":"format-standard","5":"has-post-thumbnail","7":"category-deutschland","8":"tag-deutschland","9":"tag-gastprofessor","10":"tag-germany","11":"tag-gruene","12":"tag-headlines","13":"tag-nachrichten","14":"tag-news","15":"tag-redner","16":"tag-robert-habeck","17":"tag-schlagzeilen","18":"tag-top-news","19":"tag-top-meldungen","20":"tag-topmeldungen","21":"tag-topnews"},"share_on_mastodon":{"url":"https:\/\/pubeurope.com\/@de\/114815266078134762","error":""},"_links":{"self":[{"href":"https:\/\/www.europesays.com\/de\/wp-json\/wp\/v2\/posts\/250857","targetHints":{"allow":["GET"]}}],"collection":[{"href":"https:\/\/www.europesays.com\/de\/wp-json\/wp\/v2\/posts"}],"about":[{"href":"https:\/\/www.europesays.com\/de\/wp-json\/wp\/v2\/types\/post"}],"author":[{"embeddable":true,"href":"https:\/\/www.europesays.com\/de\/wp-json\/wp\/v2\/users\/2"}],"replies":[{"embeddable":true,"href":"https:\/\/www.europesays.com\/de\/wp-json\/wp\/v2\/comments?post=250857"}],"version-history":[{"count":0,"href":"https:\/\/www.europesays.com\/de\/wp-json\/wp\/v2\/posts\/250857\/revisions"}],"wp:featuredmedia":[{"embeddable":true,"href":"https:\/\/www.europesays.com\/de\/wp-json\/wp\/v2\/media\/250858"}],"wp:attachment":[{"href":"https:\/\/www.europesays.com\/de\/wp-json\/wp\/v2\/media?parent=250857"}],"wp:term":[{"taxonomy":"category","embeddable":true,"href":"https:\/\/www.europesays.com\/de\/wp-json\/wp\/v2\/categories?post=250857"},{"taxonomy":"post_tag","embeddable":true,"href":"https:\/\/www.europesays.com\/de\/wp-json\/wp\/v2\/tags?post=250857"}],"curies":[{"name":"wp","href":"https:\/\/api.w.org\/{rel}","templated":true}]}}