{"id":250859,"date":"2025-07-08T02:31:31","date_gmt":"2025-07-08T02:31:31","guid":{"rendered":"https:\/\/www.europesays.com\/de\/250859\/"},"modified":"2025-07-08T02:31:31","modified_gmt":"2025-07-08T02:31:31","slug":"bahn-stellt-neue-verbindung-in-dieses-beliebte-reiseziel-vor-ohne-umstieg-news","status":"publish","type":"post","link":"https:\/\/www.europesays.com\/de\/250859\/","title":{"rendered":"Bahn stellt neue Verbindung in dieses beliebte Reiseziel vor: ohne Umstieg | News"},"content":{"rendered":"<p>Berlin \u2013 <b>Die Deutsche Bahn stellt eine neue Direktverbindung vor: In Zukunft ist die lebenswerteste Stadt der Welt von Berlin aus in sieben Stunden zu erreichen. <\/b><\/p>\n<p>Ab dem 1. Mai 2026 soll der neue Zug direkt von Prag \u00fcber Berlin bis Kopenhagen rollen. Die Stadt wurde erst vergangenen Monat vom britischen Magazin \u201eEconomist\u201c zur <a href=\"https:\/\/www.bild.de\/leben-wissen\/kopenhagen-verdraengt-wien-im-economist-ranking-685101acd54a7a41463dfc0a\" class=\"text-link\" rel=\"nofollow noopener\" target=\"_blank\">lebenswertesten Stadt der Welt<\/a> gek\u00fcrt.<\/p>\n<p>So schnell f\u00e4hrt die Bahn nach Kopenhagen<\/p>\n<p>Den neuen Zug betreibt die Deutsche <a href=\"https:\/\/www.bild.de\/news\/inland\/deutsche-bahn-ag\/thema-deutsche-bahn-ag-alle-infos-G2swWR48FxDiFmY2B35c\" class=\"text-link\" rel=\"nofollow noopener\" target=\"_blank\">Bahn<\/a> gemeinsam mit der d\u00e4nischen und der tschechischen Bahn. Der tschechische \u201eComfortJet\u201c wird mit 230 km\/h auf der Strecke unterwegs sein. In nur sieben Stunden ist man von Berlin aus in Kopenhagen.<\/p>\n<p><img decoding=\"async\" width=\"992\" height=\"558\" alt=\"Der tschechische \u201eComfortJet\u201c\" src=\"https:\/\/www.europesays.com\/de\/wp-content\/uploads\/2025\/07\/d3aa64008db3a207fdcd34537be27c84,a12c4568\"   class=\"landscape\" loading=\"lazy\"\/><\/p>\n<p class=\"fig__caption__text\">Der \u201eComfortJet\u201c f\u00e4hrt von Deutschland nach Kopenhagen<\/p>\n<p>Foto: picture alliance \/ CTK<\/p>\n<p>Der Zug wird ein Mal am Tag von Prag \u00fcber Dresden, <a href=\"https:\/\/www.bild.de\/regional\/berlin\/berlin-regional\/home-15823246.bild.html\" class=\"text-link\" rel=\"nofollow noopener\" target=\"_blank\">Berlin<\/a> und Hamburg nach Kopenhagen fahren. Mit der neuen Verbindung werden die bereits bestehenden Verbindungen von Prag nach Hamburg und von Hamburg nach Kopenhagen zusammengef\u00fchrt.<\/p>\n<p>Wer ab n\u00e4chsten Sommer lieber im Schlaf reisen m\u00f6chte: Saisonal soll dann auf der Strecke auch ein Nachtzug unterwegs sein. Die Fahrpl\u00e4ne werden erst noch ver\u00f6ffentlicht.<\/p>\n<p>Lesen Sie auchWeitere Direktz\u00fcge aus Deutschland in den Urlaub<\/p>\n<p>\u25ba <b>Per Zug nach Paris<\/b>: In knapp acht Stunden f\u00e4hrt der ICE seit Dezember 2024 von Berlin aus \u00fcber Frankfurt in die franz\u00f6sische Hauptstadt. Die <a href=\"https:\/\/www.bild.de\/regional\/berlin\/nach-100-jahren-so-war-die-erste-zugfahrt-von-paris-nach-berlin-67603171e625b72d8299830c\" class=\"text-link\" rel=\"nofollow noopener\" target=\"_blank\">Zugfahrt nach Paris<\/a> kostet ab 59,99 Euro.<\/p>\n<p>\u25ba <b>Per Zug nach Rom<\/b>: Ab April 2025 soll der italienische \u201eFrecciarossa\u201c in achteinhalb Stunden <a href=\"https:\/\/www.bild.de\/news\/inland\/neue-direktverbindung-der-bahn-wann-es-die-ersten-tickets-nach-rom-gibt-682da5a6edb69e10df6971fa\" class=\"text-link\" rel=\"nofollow noopener\" target=\"_blank\">von M\u00fcnchen nach Rom<\/a> fahren. Ab 2028 soll die Verbindung sogar nach Neapel ausgeweitet werden. Der Fahrpreis steht noch nicht fest.<\/p>\n","protected":false},"excerpt":{"rendered":"Berlin \u2013 Die Deutsche Bahn stellt eine neue Direktverbindung vor: In Zukunft ist die lebenswerteste Stadt der Welt&hellip;\n","protected":false},"author":2,"featured_media":250860,"comment_status":"","ping_status":"","sticky":false,"template":"","format":"standard","meta":{"footnotes":""},"categories":[5],"tags":[10382,68790,2030,4031,13,14,15,4746,1079,26579,12,69220,45,10,8,9,11,631,19804],"class_list":{"0":"post-250859","1":"post","2":"type-post","3":"status-publish","4":"format-standard","5":"has-post-thumbnail","7":"category-nachrichten","8":"tag-neuheiten","9":"tag-bahngesellschaften","10":"tag-deutsche-bahn","11":"tag-eisenbahn","12":"tag-headlines","13":"tag-nachrichten","14":"tag-news","15":"tag-oeffentliche-verkehrsmittel","16":"tag-reisen","17":"tag-reiseziel","18":"tag-schlagzeilen","19":"tag-staedtereise","20":"tag-texttospeech","21":"tag-top-news","22":"tag-top-meldungen","23":"tag-topmeldungen","24":"tag-topnews","25":"tag-urlaub","26":"tag-verkehrsmittel"},"share_on_mastodon":{"url":"https:\/\/pubeurope.com\/@de\/114815269942926080","error":""},"_links":{"self":[{"href":"https:\/\/www.europesays.com\/de\/wp-json\/wp\/v2\/posts\/250859","targetHints":{"allow":["GET"]}}],"collection":[{"href":"https:\/\/www.europesays.com\/de\/wp-json\/wp\/v2\/posts"}],"about":[{"href":"https:\/\/www.europesays.com\/de\/wp-json\/wp\/v2\/types\/post"}],"author":[{"embeddable":true,"href":"https:\/\/www.europesays.com\/de\/wp-json\/wp\/v2\/users\/2"}],"replies":[{"embeddable":true,"href":"https:\/\/www.europesays.com\/de\/wp-json\/wp\/v2\/comments?post=250859"}],"version-history":[{"count":0,"href":"https:\/\/www.europesays.com\/de\/wp-json\/wp\/v2\/posts\/250859\/revisions"}],"wp:featuredmedia":[{"embeddable":true,"href":"https:\/\/www.europesays.com\/de\/wp-json\/wp\/v2\/media\/250860"}],"wp:attachment":[{"href":"https:\/\/www.europesays.com\/de\/wp-json\/wp\/v2\/media?parent=250859"}],"wp:term":[{"taxonomy":"category","embeddable":true,"href":"https:\/\/www.europesays.com\/de\/wp-json\/wp\/v2\/categories?post=250859"},{"taxonomy":"post_tag","embeddable":true,"href":"https:\/\/www.europesays.com\/de\/wp-json\/wp\/v2\/tags?post=250859"}],"curies":[{"name":"wp","href":"https:\/\/api.w.org\/{rel}","templated":true}]}}