{"id":250861,"date":"2025-07-08T02:32:16","date_gmt":"2025-07-08T02:32:16","guid":{"rendered":"https:\/\/www.europesays.com\/de\/250861\/"},"modified":"2025-07-08T02:32:16","modified_gmt":"2025-07-08T02:32:16","slug":"auto-in-der-trothaer-strasse-in-halle-vollstaendig-ausgebrannt","status":"publish","type":"post","link":"https:\/\/www.europesays.com\/de\/250861\/","title":{"rendered":"Auto in der Trothaer Stra\u00dfe in Halle vollst\u00e4ndig ausgebrannt"},"content":{"rendered":"<p class=\"fp-paragraph\"><strong>Halle (Saale)\/MZ\/mv<\/strong> &#8211; In der Nacht zum Dienstag kam es in der Trothaer Stra\u00dfe in Halle zu einem Fahrzeugbrand. <\/p>\n<p class=\"fp-paragraph\">Gegen 1:40 Uhr meldeten Anwohner den Brand eines Pkw auf einem Parkplatz. Beim Eintreffen der Einsatzkr\u00e4fte stand das Fahrzeug bereits in Vollbrand.<\/p>\n<p><img decoding=\"async\" class=\"fp-lazyload lazyload\" src=\"https:\/\/www.europesays.com\/de\/wp-content\/uploads\/2025\/07\/26c8d0a2-a7bc-4c6b-aa47-bb58bd8ab7b0.jpeg\"  data- style=\"display: block; width: 100%;\" loading=\"lazy\" alt=\"Beim Eintreffen der Feuerwehr stand der Wagen bereits in Vollbrand. \"\/>Beim Eintreffen der Feuerwehr stand der Wagen bereits in Vollbrand. <\/p>\n<p> (Foto: Marvin Matzulla)<\/p>\n<p class=\"fp-paragraph\">Die Berufsfeuerwehr Halle war vor Ort im Einsatz und konnte die Flammen schnell l\u00f6schen, jedoch brannte das Auto vollst\u00e4ndig aus. Die Ursache f\u00fcr das Feuer ist derzeit noch unklar.<\/p>\n<p class=\"fp-paragraph\">Die Polizei hat Ermittlungen zur Brandursache aufgenommen. Ob es sich um einen technischen Defekt oder Brandstiftung handelt, wird nun gepr\u00fcft.<\/p>\n","protected":false},"excerpt":{"rendered":"Halle (Saale)\/MZ\/mv &#8211; In der Nacht zum Dienstag kam es in der Trothaer Stra\u00dfe in Halle zu einem&hellip;\n","protected":false},"author":2,"featured_media":250862,"comment_status":"","ping_status":"","sticky":false,"template":"","format":"standard","meta":{"footnotes":""},"categories":[1860],"tags":[3364,29,548,663,3934,30,4062,17332,13,14,15,17331,860,12],"class_list":{"0":"post-250861","1":"post","2":"type-post","3":"status-publish","4":"format-standard","5":"has-post-thumbnail","7":"category-halle-saale","8":"tag-de","9":"tag-deutschland","10":"tag-eu","11":"tag-europa","12":"tag-europe","13":"tag-germany","14":"tag-halle","15":"tag-halle-saale","16":"tag-headlines","17":"tag-nachrichten","18":"tag-news","19":"tag-saale","20":"tag-sachsen-anhalt","21":"tag-schlagzeilen"},"share_on_mastodon":{"url":"https:\/\/pubeurope.com\/@de\/114815273872836239","error":""},"_links":{"self":[{"href":"https:\/\/www.europesays.com\/de\/wp-json\/wp\/v2\/posts\/250861","targetHints":{"allow":["GET"]}}],"collection":[{"href":"https:\/\/www.europesays.com\/de\/wp-json\/wp\/v2\/posts"}],"about":[{"href":"https:\/\/www.europesays.com\/de\/wp-json\/wp\/v2\/types\/post"}],"author":[{"embeddable":true,"href":"https:\/\/www.europesays.com\/de\/wp-json\/wp\/v2\/users\/2"}],"replies":[{"embeddable":true,"href":"https:\/\/www.europesays.com\/de\/wp-json\/wp\/v2\/comments?post=250861"}],"version-history":[{"count":0,"href":"https:\/\/www.europesays.com\/de\/wp-json\/wp\/v2\/posts\/250861\/revisions"}],"wp:featuredmedia":[{"embeddable":true,"href":"https:\/\/www.europesays.com\/de\/wp-json\/wp\/v2\/media\/250862"}],"wp:attachment":[{"href":"https:\/\/www.europesays.com\/de\/wp-json\/wp\/v2\/media?parent=250861"}],"wp:term":[{"taxonomy":"category","embeddable":true,"href":"https:\/\/www.europesays.com\/de\/wp-json\/wp\/v2\/categories?post=250861"},{"taxonomy":"post_tag","embeddable":true,"href":"https:\/\/www.europesays.com\/de\/wp-json\/wp\/v2\/tags?post=250861"}],"curies":[{"name":"wp","href":"https:\/\/api.w.org\/{rel}","templated":true}]}}