{"id":250877,"date":"2025-07-08T02:41:10","date_gmt":"2025-07-08T02:41:10","guid":{"rendered":"https:\/\/www.europesays.com\/de\/250877\/"},"modified":"2025-07-08T02:41:10","modified_gmt":"2025-07-08T02:41:10","slug":"mannheim-ute-lemper-tritt-im-rosengarten-als-zeitreisende-auf-kultur-regional","status":"publish","type":"post","link":"https:\/\/www.europesays.com\/de\/250877\/","title":{"rendered":"Mannheim: Ute Lemper tritt im\u00a0Rosengarten als &#8222;Zeitreisende&#8220; auf. &#8211; Kultur Regional"},"content":{"rendered":"<p>Vom sch\u00fcchternen M\u00e4dchen zur Weltstar-Diva: Lemper erz\u00e4hlt in Mannheim ihre Lebensgeschichte \u2013 musikalisch, bewegend, autobiografisch und voller B\u00fchnenkraft.<\/p>\n<p class=\"autor\">Von Matthias Roth<\/p>\n<p>Mannheim. Sie sei ein sehr sch\u00fcchternes M\u00e4dchen gewesen, das kaum die Z\u00e4hne auseinanderbrachte, erz\u00e4hlt uns eine ehemalige Mitsch\u00fclerin. Die neue Franz\u00f6sischlehrerin habe zwei Monate gebraucht, bis sie bemerkte, dass die Stumme in Reihe f\u00fcnf bereits flie\u00dfend franz\u00f6sisch sprach, denn sie habe oft die Ferien in Frankreich verbracht. <\/p>\n<p>Erst als die<\/p>\n<p>                    Weiterlesen mit <img loading=\"lazy\" decoding=\"async\" src=\"https:\/\/www.rnz.de\/pu_rnz_2021\/assets\/img\/rnz-plus.svg\" alt=\"Plus\" class=\"ms-1\" width=\"52\" height=\"20\"\/><\/p>\n<ul class=\"nfy-custom-list list-unstyled nfy-check-list\">\n<li class=\"lh-lg\">\n                                 Alle Artikel lesen mit RNZ+\n                            <\/li>\n<li class=\"lh-lg\">\n                                 Exklusives Trauerportal mit RNZ+\n                            <\/li>\n<li class=\"lh-lg\">\n                                 Weniger Werbung mit RNZ+\n                            <\/li>\n<\/ul>\n","protected":false},"excerpt":{"rendered":"Vom sch\u00fcchternen M\u00e4dchen zur Weltstar-Diva: Lemper erz\u00e4hlt in Mannheim ihre Lebensgeschichte \u2013 musikalisch, bewegend, autobiografisch und voller B\u00fchnenkraft.&hellip;\n","protected":false},"author":2,"featured_media":250878,"comment_status":"","ping_status":"","sticky":false,"template":"","format":"standard","meta":{"footnotes":""},"categories":[1845],"tags":[1634,3364,29,548,663,3934,30,13,20955,2096,14,15,12],"class_list":{"0":"post-250877","1":"post","2":"type-post","3":"status-publish","4":"format-standard","5":"has-post-thumbnail","7":"category-mannheim","8":"tag-baden-wuerttemberg","9":"tag-de","10":"tag-deutschland","11":"tag-eu","12":"tag-europa","13":"tag-europe","14":"tag-germany","15":"tag-headlines","16":"tag-kultur-feuilleton-kunst-musik-ausstellung-konzert-heidelberg-schlossfestspiele-heidelberger-herbst-fruehling-theater","17":"tag-mannheim","18":"tag-nachrichten","19":"tag-news","20":"tag-schlagzeilen"},"share_on_mastodon":{"url":"https:\/\/pubeurope.com\/@de\/114815309255825774","error":""},"_links":{"self":[{"href":"https:\/\/www.europesays.com\/de\/wp-json\/wp\/v2\/posts\/250877","targetHints":{"allow":["GET"]}}],"collection":[{"href":"https:\/\/www.europesays.com\/de\/wp-json\/wp\/v2\/posts"}],"about":[{"href":"https:\/\/www.europesays.com\/de\/wp-json\/wp\/v2\/types\/post"}],"author":[{"embeddable":true,"href":"https:\/\/www.europesays.com\/de\/wp-json\/wp\/v2\/users\/2"}],"replies":[{"embeddable":true,"href":"https:\/\/www.europesays.com\/de\/wp-json\/wp\/v2\/comments?post=250877"}],"version-history":[{"count":0,"href":"https:\/\/www.europesays.com\/de\/wp-json\/wp\/v2\/posts\/250877\/revisions"}],"wp:featuredmedia":[{"embeddable":true,"href":"https:\/\/www.europesays.com\/de\/wp-json\/wp\/v2\/media\/250878"}],"wp:attachment":[{"href":"https:\/\/www.europesays.com\/de\/wp-json\/wp\/v2\/media?parent=250877"}],"wp:term":[{"taxonomy":"category","embeddable":true,"href":"https:\/\/www.europesays.com\/de\/wp-json\/wp\/v2\/categories?post=250877"},{"taxonomy":"post_tag","embeddable":true,"href":"https:\/\/www.europesays.com\/de\/wp-json\/wp\/v2\/tags?post=250877"}],"curies":[{"name":"wp","href":"https:\/\/api.w.org\/{rel}","templated":true}]}}