{"id":250880,"date":"2025-07-08T02:43:10","date_gmt":"2025-07-08T02:43:10","guid":{"rendered":"https:\/\/www.europesays.com\/de\/250880\/"},"modified":"2025-07-08T02:43:10","modified_gmt":"2025-07-08T02:43:10","slug":"maisch-zum-neuen-vizepraesidenten-beim-karlsruher-sc-gewaehlt","status":"publish","type":"post","link":"https:\/\/www.europesays.com\/de\/250880\/","title":{"rendered":"Maisch zum neuen Vizepr\u00e4sidenten beim Karlsruher SC gew\u00e4hlt"},"content":{"rendered":"<p class=\"paragraph tw-mx-auto tw-mb-6\">Das Pr\u00e4sidium des Fu\u00dfball-Zweitligisten Karlsruher SC ist wieder komplett. In einer au\u00dferordentlichen Mitgliederversammlung wurde der 59-j\u00e4hrige Uwe Maisch zum neuen Vizepr\u00e4sidenten gew\u00e4hlt. Mit dem Amt ist automatisch auch ein Sitz im Beirat der KSC Management GmbH verbunden, die \u00fcber die strategischen Entscheidungen im Profifu\u00dfball mitbestimmt.\u00a0<\/p>\n<p class=\"paragraph tw-mx-auto tw-mb-6\">Maisch, der f\u00fcr eine gro\u00dfe Autohandelsgruppe arbeitet, setzte sich bei der virtuellen Versammlung mit 58,69 Prozent der Stimmen gegen seinen Mitbewerber Dominique Mayer durch. 1.203 Mitglieder beteiligten sich an der Abstimmung.<\/p>\n<p>Im zweiten Anlauf klappt es<\/p>\n<p class=\"paragraph tw-mx-auto tw-mb-6\">Die Nachwahl wurde notwendig, weil Mario Eggimann das Amt im Fr\u00fchjahr aufgegeben hatte, um als Gesch\u00e4ftsf\u00fchrer Sport zur KSC GmbH zu wechseln. Beide Bewerber stehen der Fanszene nahe. Auch inhaltlich traten sie mit \u00e4hnlichen Positionen auf: Unter anderem bekannten sie sich zur 50+1-Regel und sprachen sich f\u00fcr bezahlbare Stadiontickets aus.\u00a0<\/p>\n<p class=\"paragraph tw-mx-auto tw-mb-6\">F\u00fcr Maisch war es bereits der zweite Anlauf, ins Pr\u00e4sidium einzuziehen. Im April hatte er gegen\u00fcber Eggimann noch das Nachsehen. Bei der ordentlichen Mitgliederversammlung im November steht dann das gesamte Pr\u00e4sidium zur Wahl.<\/p>\n<p class=\"paragraph tw-mx-auto tw-mb-6\">&#8211;<\/p>\n","protected":false},"excerpt":{"rendered":"Das Pr\u00e4sidium des Fu\u00dfball-Zweitligisten Karlsruher SC ist wieder komplett. In einer au\u00dferordentlichen Mitgliederversammlung wurde der 59-j\u00e4hrige Uwe Maisch&hellip;\n","protected":false},"author":2,"featured_media":250881,"comment_status":"","ping_status":"","sticky":false,"template":"","format":"standard","meta":{"footnotes":""},"categories":[1844],"tags":[621,1634,3364,29,347,30,8903,3850],"class_list":{"0":"post-250880","1":"post","2":"type-post","3":"status-publish","4":"format-standard","5":"has-post-thumbnail","7":"category-karlsruhe","8":"tag-2-bundesliga","9":"tag-baden-wuerttemberg","10":"tag-de","11":"tag-deutschland","12":"tag-fussball","13":"tag-germany","14":"tag-karlsruhe","15":"tag-karlsruher-sc"},"share_on_mastodon":{"url":"https:\/\/pubeurope.com\/@de\/114815317155912991","error":""},"_links":{"self":[{"href":"https:\/\/www.europesays.com\/de\/wp-json\/wp\/v2\/posts\/250880","targetHints":{"allow":["GET"]}}],"collection":[{"href":"https:\/\/www.europesays.com\/de\/wp-json\/wp\/v2\/posts"}],"about":[{"href":"https:\/\/www.europesays.com\/de\/wp-json\/wp\/v2\/types\/post"}],"author":[{"embeddable":true,"href":"https:\/\/www.europesays.com\/de\/wp-json\/wp\/v2\/users\/2"}],"replies":[{"embeddable":true,"href":"https:\/\/www.europesays.com\/de\/wp-json\/wp\/v2\/comments?post=250880"}],"version-history":[{"count":0,"href":"https:\/\/www.europesays.com\/de\/wp-json\/wp\/v2\/posts\/250880\/revisions"}],"wp:featuredmedia":[{"embeddable":true,"href":"https:\/\/www.europesays.com\/de\/wp-json\/wp\/v2\/media\/250881"}],"wp:attachment":[{"href":"https:\/\/www.europesays.com\/de\/wp-json\/wp\/v2\/media?parent=250880"}],"wp:term":[{"taxonomy":"category","embeddable":true,"href":"https:\/\/www.europesays.com\/de\/wp-json\/wp\/v2\/categories?post=250880"},{"taxonomy":"post_tag","embeddable":true,"href":"https:\/\/www.europesays.com\/de\/wp-json\/wp\/v2\/tags?post=250880"}],"curies":[{"name":"wp","href":"https:\/\/api.w.org\/{rel}","templated":true}]}}