{"id":250884,"date":"2025-07-08T02:45:15","date_gmt":"2025-07-08T02:45:15","guid":{"rendered":"https:\/\/www.europesays.com\/de\/250884\/"},"modified":"2025-07-08T02:45:15","modified_gmt":"2025-07-08T02:45:15","slug":"preussen-muenster-verpflichtet-marco-meyerhoefer-aus-fuerth","status":"publish","type":"post","link":"https:\/\/www.europesays.com\/de\/250884\/","title":{"rendered":"Preu\u00dfen M\u00fcnster verpflichtet Marco Meyerh\u00f6fer aus F\u00fcrth"},"content":{"rendered":"<p>\t\t\t\t\t<img loading=\"lazy\" width=\"2000\" height=\"1175\" src=\"https:\/\/www.europesays.com\/de\/wp-content\/uploads\/2025\/07\/meyerhoefer-9803.jpg\" class=\"attachment-full size-full wp-post-image\" alt=\"Preu\u00dfen M\u00fcnster verpflichtet Marco Meyerh\u00f6fer aus F\u00fcrth\" decoding=\"async\"  \/>\t\t\t\t\t\tMarco Meyerh\u00f6fer, hier beim Spiel in M\u00fcnster.<\/p>\n<p><strong>Erwartungsgem\u00e4\u00df hat der SC Preu\u00dfen M\u00fcnster eine weitere Defensivpersonalie erledigt: Am Montag pr\u00e4sentierte der SCP den Neuzugang Marco Meyerh\u00f6fer \u2013 er kommt nach Vertragsende von der SpVgg Greuther F\u00fcrth. <\/strong><\/p>\n<p>Der 29 Jahre alte Rechtsverteidiger kommt mit der Erfahrung von 116 Zweitligaspielen und 26 Bundesligaspielen. Au\u00dferdem hat er auch noch mehr als 110 Regionalligaspiele hinter sich.<\/p>\n<p>\u201eMarco ist ein richtig guter Fu\u00dfballer und hat das \u00fcber Jahre hinweg in F\u00fcrth auf einem hohen Niveau bewiesen. Unser Spielsystem ist sehr dynamisch und da hilft es, wenn sich Spieler auf unterschiedlichen Positionen wohlf\u00fchlen. Auch das bringt Marco mit\u201c, beschreibt Ole Kittner, Gesch\u00e4ftsf\u00fchrer Sport, Strategie &amp; Kommunikation, den Zuwachs im Team.<\/p>\n<p>Marco Meyerh\u00f6fer wurde in Homburg vor der H\u00f6he im Taunus geboren und schloss sich in der Jugend dem Nachwuchs von Eintracht Frankfurt an, f\u00fcr den er bis zur U19 kickte. Es folgten drei Jahre beim 1. FC Saarbr\u00fccken und zwei Jahre beim SV Waldhof Mannheim, mit dem er 2019 als Meister der Regionalliga S\u00fcdwest in die 3. Liga aufstieg. Im Sommer 2019 unterschrieb er bei der SpVgg Greuther F\u00fcrth, mit der er zwei Jahre sp\u00e4ter sogar den Aufstieg in die Bundesliga feiern konnte. Mit dem Kleeblatt auf der Brust lief der 1,79 Meter gro\u00dfe Defensivspieler insgesamt sechs Jahre lang auf.<\/p>\n<p><strong>Der Kader des SCP:<\/strong><\/p>\n<p><img loading=\"lazy\" decoding=\"async\" width=\"2000\" height=\"1297\" src=\"https:\/\/www.europesays.com\/de\/wp-content\/uploads\/2025\/07\/kittner_meyerhoefer-2000x1297.jpg\" alt=\"\" class=\"wp-image-27952\"  \/>Ole Kittner mit Marco Meyerh\u00f6fer. Foto: SC Preu\u00dfen M\u00fcnster<\/p>\n","protected":false},"excerpt":{"rendered":"Marco Meyerh\u00f6fer, hier beim Spiel in M\u00fcnster. Erwartungsgem\u00e4\u00df hat der SC Preu\u00dfen M\u00fcnster eine weitere Defensivpersonalie erledigt: Am&hellip;\n","protected":false},"author":2,"featured_media":250885,"comment_status":"","ping_status":"","sticky":false,"template":"","format":"standard","meta":{"footnotes":""},"categories":[1843],"tags":[3364,29,30,76934,8970,21755,1209,33018,8306,3127],"class_list":{"0":"post-250884","1":"post","2":"type-post","3":"status-publish","4":"format-standard","5":"has-post-thumbnail","7":"category-muenster","8":"tag-de","9":"tag-deutschland","10":"tag-germany","11":"tag-marco-meyerhoefer","12":"tag-muenster","13":"tag-neuzugang","14":"tag-nordrhein-westfalen","15":"tag-saison-2025-2026","16":"tag-spvgg-greuther-fuerth","17":"tag-transfer"},"share_on_mastodon":{"url":"https:\/\/pubeurope.com\/@de\/114815325013636474","error":""},"_links":{"self":[{"href":"https:\/\/www.europesays.com\/de\/wp-json\/wp\/v2\/posts\/250884","targetHints":{"allow":["GET"]}}],"collection":[{"href":"https:\/\/www.europesays.com\/de\/wp-json\/wp\/v2\/posts"}],"about":[{"href":"https:\/\/www.europesays.com\/de\/wp-json\/wp\/v2\/types\/post"}],"author":[{"embeddable":true,"href":"https:\/\/www.europesays.com\/de\/wp-json\/wp\/v2\/users\/2"}],"replies":[{"embeddable":true,"href":"https:\/\/www.europesays.com\/de\/wp-json\/wp\/v2\/comments?post=250884"}],"version-history":[{"count":0,"href":"https:\/\/www.europesays.com\/de\/wp-json\/wp\/v2\/posts\/250884\/revisions"}],"wp:featuredmedia":[{"embeddable":true,"href":"https:\/\/www.europesays.com\/de\/wp-json\/wp\/v2\/media\/250885"}],"wp:attachment":[{"href":"https:\/\/www.europesays.com\/de\/wp-json\/wp\/v2\/media?parent=250884"}],"wp:term":[{"taxonomy":"category","embeddable":true,"href":"https:\/\/www.europesays.com\/de\/wp-json\/wp\/v2\/categories?post=250884"},{"taxonomy":"post_tag","embeddable":true,"href":"https:\/\/www.europesays.com\/de\/wp-json\/wp\/v2\/tags?post=250884"}],"curies":[{"name":"wp","href":"https:\/\/api.w.org\/{rel}","templated":true}]}}