{"id":250888,"date":"2025-07-08T02:47:25","date_gmt":"2025-07-08T02:47:25","guid":{"rendered":"https:\/\/www.europesays.com\/de\/250888\/"},"modified":"2025-07-08T02:47:25","modified_gmt":"2025-07-08T02:47:25","slug":"bei-streit-um-parksituation-in-die-luft-geschossen","status":"publish","type":"post","link":"https:\/\/www.europesays.com\/de\/250888\/","title":{"rendered":"Bei Streit um Parksituation in die Luft geschossen"},"content":{"rendered":"<p class=\"bodytext\">MK \/ Bielefeld &#8211; Baumheide &#8211; Aus Sicht eines 42-j\u00e4hrigen Autofahrers hatte ihn ein anderer mit seinem Pkw in der Stra\u00dfe Rabenhof eingeparkt. Als er den 30-j\u00e4hrigen Bielefelder am Samstagnachmittag, 05.07.2025, zur Rede stellen wollte, zog dieser eine Pistole, weil er sich von dem \u00c4lteren bedroht f\u00fchlte.<\/p>\n<p>Bereits am Vortag hatte der 30-J\u00e4hrige sein Auto in unmittelbare N\u00e4he zu dem Pkw des 42-j\u00e4hrigen Bielefelders abgestellt. Als er am Samstag, gegen 15:35 Uhr zu seinem Fahrzeug ging, sprach ihn der 42-J\u00e4hrige mehrfach auf die Parksituation an. Bei dem entstandenen verbalen Streit zog der J\u00fcngere pl\u00f6tzlich eine Schreckschusspistole und schoss in die Luft. Er f\u00fchlte sich durch den 42-J\u00e4hrigen, der angeblich einen Drehmomentschl\u00fcssel in der Hand gehalten haben soll, bedroht und habe deshalb einen Schuss abgegeben.<\/p>\n<p>Nach der Schussabgabe meldeten sich beide M\u00e4nner bei der Polizei. Streifenbeamte entdeckten ein Einhandmesser in einer Hosentasche des 30-J\u00e4hrigen. Die Pistole hatte er in sein Auto gelegt. Sie stellten das Messer, die Waffe mit Munition samt kleinem Waffenschein sicher. Es soll \u00fcberpr\u00fcft werden, ob der Mann weiterhin geeignet ist, eine Waffe zu besitzen. Au\u00dfer Arbeitsger\u00e4ten, wie Teleskopstiele, konnten die Polizisten bei dem 42-J\u00e4hrigen keinen Drehmomentschl\u00fcssel finden.<\/p>\n<p>Beide M\u00e4nner wurden wegen Bedrohung angezeigt &#8211; der J\u00fcngere zudem wegen Verst\u00f6\u00dfen gegen das Waffengesetz.<\/p>\n<p>R\u00fcckfragen von Journalisten bitte an:<\/p>\n<p>Polizeipr\u00e4sidium Bielefeld Leitungsstab\/ Presse- und \u00d6ffentlichkeitsarbeit Kurt-Schumacher-Stra\u00dfe 46 33615 Bielefeld<\/p>\n<p>Sonja Rehmert (SR), Tel. 0521\/545-3020 Katja K\u00fcster (KK), Tel. 0521\/545-3195 Sarah Siedschlag (SI), Tel. 0521\/545-3021 Michael K\u00f6tter (MK), Tel. 0521\/545-3022 Hella Christoph (HC), Tel. 0521\/545-3023 Fabian Rickel (FR), Tel. 0521\/545-3024 Caroline Steffen (CS), Tel. 0521\/545-3026 Lukas Reker (LR), Tel. 0521\/545-3222 Jan Grote (JG), Tel. 0521\/545-3235<\/p>\n<p>E-Mail: pressestelle.bielefeld@polizei.nrw.de <a href=\"https:\/\/bielefeld.polizei.nrw\/\" target=\"_blank\" rel=\"nofollow noopener\">bielefeld.polizei.nrw<\/a><\/p>\n<p>Au\u00dferhalb der B\u00fcrodienstzeit: Leitstelle, Tel. 0521\/545-0<\/p>\n<p> Original-Content von: Polizei Bielefeld, \u00fcbermittelt durch news aktuell<\/p>\n","protected":false},"excerpt":{"rendered":"MK \/ Bielefeld &#8211; Baumheide &#8211; Aus Sicht eines 42-j\u00e4hrigen Autofahrers hatte ihn ein anderer mit seinem Pkw&hellip;\n","protected":false},"author":2,"featured_media":29613,"comment_status":"","ping_status":"","sticky":false,"template":"","format":"standard","meta":{"footnotes":""},"categories":[1841],"tags":[1605,3364,29,30,1209,12925],"class_list":{"0":"post-250888","1":"post","2":"type-post","3":"status-publish","4":"format-standard","5":"has-post-thumbnail","7":"category-bielefeld","8":"tag-bielefeld","9":"tag-de","10":"tag-deutschland","11":"tag-germany","12":"tag-nordrhein-westfalen","13":"tag-polizeimeldungen"},"share_on_mastodon":{"url":"https:\/\/pubeurope.com\/@de\/114815332767053910","error":""},"_links":{"self":[{"href":"https:\/\/www.europesays.com\/de\/wp-json\/wp\/v2\/posts\/250888","targetHints":{"allow":["GET"]}}],"collection":[{"href":"https:\/\/www.europesays.com\/de\/wp-json\/wp\/v2\/posts"}],"about":[{"href":"https:\/\/www.europesays.com\/de\/wp-json\/wp\/v2\/types\/post"}],"author":[{"embeddable":true,"href":"https:\/\/www.europesays.com\/de\/wp-json\/wp\/v2\/users\/2"}],"replies":[{"embeddable":true,"href":"https:\/\/www.europesays.com\/de\/wp-json\/wp\/v2\/comments?post=250888"}],"version-history":[{"count":0,"href":"https:\/\/www.europesays.com\/de\/wp-json\/wp\/v2\/posts\/250888\/revisions"}],"wp:featuredmedia":[{"embeddable":true,"href":"https:\/\/www.europesays.com\/de\/wp-json\/wp\/v2\/media\/29613"}],"wp:attachment":[{"href":"https:\/\/www.europesays.com\/de\/wp-json\/wp\/v2\/media?parent=250888"}],"wp:term":[{"taxonomy":"category","embeddable":true,"href":"https:\/\/www.europesays.com\/de\/wp-json\/wp\/v2\/categories?post=250888"},{"taxonomy":"post_tag","embeddable":true,"href":"https:\/\/www.europesays.com\/de\/wp-json\/wp\/v2\/tags?post=250888"}],"curies":[{"name":"wp","href":"https:\/\/api.w.org\/{rel}","templated":true}]}}