{"id":250895,"date":"2025-07-08T02:51:17","date_gmt":"2025-07-08T02:51:17","guid":{"rendered":"https:\/\/www.europesays.com\/de\/250895\/"},"modified":"2025-07-08T02:51:17","modified_gmt":"2025-07-08T02:51:17","slug":"pol-bo-ueberfall-auf-tankstelle-in-bochum-steinkuhl-zeugen-gesucht","status":"publish","type":"post","link":"https:\/\/www.europesays.com\/de\/250895\/","title":{"rendered":"POL-BO: \u00dcberfall auf Tankstelle in Bochum-Steinkuhl &#8211; Zeugen gesucht"},"content":{"rendered":"<p class=\"date\">07.07.2025 \u2013 18:41<\/p>\n<p class=\"customer\">\n                        <a class=\"story-customer\" title=\"weiter zum newsroom von Polizei Bochum\" href=\"https:\/\/www.presseportal.de\/blaulicht\/nr\/11530\" rel=\"nofollow noopener\" target=\"_blank\">Polizei Bochum<\/a>\n                    <\/p>\n<p><a data-category=\"citylink-story-view\" data-action=\"click\" data-label=\"Citylink in Meldungsansicht\" class=\"story-city event-trigger\" href=\"https:\/\/www.presseportal.de\/regional\/Bochum\" title=\"News aus Bochum \" rel=\"nofollow noopener\" target=\"_blank\">Bochum<\/a> (ots)<\/p>\n<p>Am Montagnachmittag, 7.Juli, kam es in Bochum-Steinkuhl zu einem \u00dcberfall auf eine Tankstelle. Die Polizei hat drei Tatverd\u00e4chtige vorl\u00e4ufig festgenommen.<\/p>\n<p>Nach bisherigen Erkenntnissen betrat gegen 15.30 Uhr ein 18-j\u00e4hriger Bochumer als Hauptt\u00e4ter maskiert die Tankstelle auf dem Alten Kamp 12. Unter Vorhalt eines Messers forderte er den Kassierer zur Herausgabe der Tageseinnahmen auf. Anschlie\u00dfend fl\u00fcchtete der T\u00e4ter mit der Beute in unbekannte Richtung.<\/p>\n<p>Ein aufmerksamer Zeuge beobachtete den Vorfall und informierte umgehend die Polizei.<\/p>\n<p>In der N\u00e4he des Tatorts konnten Einsatzkr\u00e4fte drei Tatverd\u00e4chtige festnehmen, den 18-j\u00e4hrigen mutma\u00dflichen Hauptt\u00e4ter sowie zwei m\u00f6gliche Mitt\u00e4ter, einen 17-j\u00e4hrigen und einen weiteren 18-j\u00e4hrigen, beide ebenfalls aus Bochum.<\/p>\n<p>Ob noch weitere Personen an der Tat beteiligt waren oder fl\u00fcchtig sind, ist derzeit Gegenstand der Ermittlungen.<\/p>\n<p>Das zust\u00e4ndige Kriminalkommissariat hat die Ermittlungen aufgenommen und bittet um Zeugenhinweise unter der Telefonnummer 0234 909-4135 oder -4441 (Kriminalwache).<\/p>\n<p class=\"contact-headline\">R\u00fcckfragen bitte an:<\/p>\n<p class=\"contact-text\">Polizei Bochum<br \/>Leitstelle <br \/>Telefon: 0234 909-3099<br \/>E-Mail: <a href=\"https:\/\/www.presseportal.de\/blaulicht\/pm\/11530\/mailto: leitstelle.bochum@polizei.nrw.de\" class=\"uri-mailto\" rel=\"nofollow noopener\" target=\"_blank\"> leitstelle.bochum@polizei.nrw.de<\/a><br \/><a target=\"_blank\" class=\"uri-ext outbound\" rel=\"noopener nofollow\" href=\"https:\/\/bochum.polizei.nrw\/\">https:\/\/bochum.polizei.nrw\/<\/a><\/p>\n<p class=\"originator\">Original-Content von: Polizei Bochum, \u00fcbermittelt durch news aktuell<\/p>\n","protected":false},"excerpt":{"rendered":"07.07.2025 \u2013 18:41 Polizei Bochum Bochum (ots) Am Montagnachmittag, 7.Juli, kam es in Bochum-Steinkuhl zu einem \u00dcberfall auf&hellip;\n","protected":false},"author":2,"featured_media":108,"comment_status":"","ping_status":"","sticky":false,"template":"","format":"standard","meta":{"footnotes":""},"categories":[1839],"tags":[7507,3364,29,30,177,1209,176,121,178,180,179,181],"class_list":{"0":"post-250895","1":"post","2":"type-post","3":"status-publish","4":"format-standard","5":"has-post-thumbnail","7":"category-bochum","8":"tag-bochum","9":"tag-de","10":"tag-deutschland","11":"tag-germany","12":"tag-kriminalitt","13":"tag-nordrhein-westfalen","14":"tag-nrw","15":"tag-polizei","16":"tag-presse","17":"tag-pressemeldung","18":"tag-pressemitteilung","19":"tag-pressemitteilungen"},"share_on_mastodon":{"url":"https:\/\/pubeurope.com\/@de\/114815348655428700","error":""},"_links":{"self":[{"href":"https:\/\/www.europesays.com\/de\/wp-json\/wp\/v2\/posts\/250895","targetHints":{"allow":["GET"]}}],"collection":[{"href":"https:\/\/www.europesays.com\/de\/wp-json\/wp\/v2\/posts"}],"about":[{"href":"https:\/\/www.europesays.com\/de\/wp-json\/wp\/v2\/types\/post"}],"author":[{"embeddable":true,"href":"https:\/\/www.europesays.com\/de\/wp-json\/wp\/v2\/users\/2"}],"replies":[{"embeddable":true,"href":"https:\/\/www.europesays.com\/de\/wp-json\/wp\/v2\/comments?post=250895"}],"version-history":[{"count":0,"href":"https:\/\/www.europesays.com\/de\/wp-json\/wp\/v2\/posts\/250895\/revisions"}],"wp:featuredmedia":[{"embeddable":true,"href":"https:\/\/www.europesays.com\/de\/wp-json\/wp\/v2\/media\/108"}],"wp:attachment":[{"href":"https:\/\/www.europesays.com\/de\/wp-json\/wp\/v2\/media?parent=250895"}],"wp:term":[{"taxonomy":"category","embeddable":true,"href":"https:\/\/www.europesays.com\/de\/wp-json\/wp\/v2\/categories?post=250895"},{"taxonomy":"post_tag","embeddable":true,"href":"https:\/\/www.europesays.com\/de\/wp-json\/wp\/v2\/tags?post=250895"}],"curies":[{"name":"wp","href":"https:\/\/api.w.org\/{rel}","templated":true}]}}