{"id":250897,"date":"2025-07-08T02:53:11","date_gmt":"2025-07-08T02:53:11","guid":{"rendered":"https:\/\/www.europesays.com\/de\/250897\/"},"modified":"2025-07-08T02:53:11","modified_gmt":"2025-07-08T02:53:11","slug":"ukraine-verpasst-putin-offenbar-herben-rueckschlag","status":"publish","type":"post","link":"https:\/\/www.europesays.com\/de\/250897\/","title":{"rendered":"Ukraine verpasst Putin offenbar herben R\u00fcckschlag"},"content":{"rendered":"<ol class=\"id-DonaldBreadcrumb lp_west_breadcrumb id-DonaldBreadcrumb--default\" data-k5a-pos=\"west_breadcrumb\">\n<li class=\"id-Breadcrumb-item\"><a href=\"https:\/\/www.chiemgau24.de\/\" class=\"id-Breadcrumb-link\" data-id-ec=\"{\" shn=\"\" textlink=\"\" data-k5a-pos=\"1_chiemgau24De\" rel=\"nofollow noopener\" target=\"_blank\">chiemgau24-de<\/a><\/li>\n<li class=\"id-Breadcrumb-item\"><a href=\"https:\/\/www.chiemgau24.de\/politik\/\" class=\"id-Breadcrumb-link\" data-id-ec=\"{\" shn=\"\" textlink=\"\" data-k5a-pos=\"2_politik\" rel=\"nofollow noopener\" target=\"_blank\">Politik<\/a><\/li>\n<\/ol>\n<p class=\"id-Story-timestamp id-Story-timestamp--default\">Stand: 08.07.2025, 04:47 Uhr<\/p>\n<p class=\"id-Story-authors id-Story-authors--default\">Von: <a class=\"id-Story-authors-link lp_west_author\" href=\"https:\/\/www.chiemgau24.de\/autor\/patrick-mayer-r5ghq4fmh.html\" title=\"Zur Autorenseite von Patrick Mayer\" data-id-ec=\"{\" shn=\"\" author-link=\"\" mayer=\"\" data-k5a-pos=\"west_author\" rel=\"nofollow noopener\" target=\"_blank\">Patrick Mayer<\/a><\/p>\n<p class=\"id-Story-interactionBar id-Story-interactionBar--default\">DruckenTeilen<\/p>\n<p class=\"id-StoryElement-leadText\">Einem Medienbericht nach greift die Ukraine die russische Schwarzmeerflotte Wladimir Putins in Gew\u00e4ssern an, die von Nato-Staaten kontrolliert werden.<\/p>\n<p class=\"id-StoryElement-paragraph\">Savona \u2013 Kreml-Machthaber <a href=\"https:\/\/www.fr.de\/politik\/wladimir-putin-per42970\/\" target=\"_blank\" class=\"id-import-Link id-pageApi-Link--externalDomain\" data-id-ec=\"{&quot;sht&quot;:&quot;Container&quot;,&quot;shn&quot;:&quot;Story&quot;,&quot;p&quot;:{&quot;containerType&quot;:&quot;Paragraph&quot;,&quot;displayType&quot;:&quot;Paragraph InlineLink&quot;,&quot;type&quot;:&quot;INLINE_LINK&quot;,&quot;value&quot;:&quot;Wladimir Putin&quot;,&quot;variant&quot;:&quot;standardLink&quot;,&quot;sponsored&quot;:false,&quot;linkHref&quot;:&quot;https:\/\/www.fr.de\/politik\/wladimir-putin-per42970\/&quot;,&quot;storyElementPosition&quot;:8,&quot;storyElementCount&quot;:27}}\" rel=\"nofollow noopener\">Wladimir Putin<\/a> muss im von ihm brutal gef\u00fchrten <a href=\"https:\/\/www.merkur.de\/politik\/ukraine-konflikt-sti1524391\/\" target=\"_blank\" class=\"id-import-Link id-pageApi-Link--externalDomain\" data-id-ec=\"{&quot;sht&quot;:&quot;Container&quot;,&quot;shn&quot;:&quot;Story&quot;,&quot;p&quot;:{&quot;containerType&quot;:&quot;Paragraph&quot;,&quot;displayType&quot;:&quot;Paragraph InlineLink&quot;,&quot;type&quot;:&quot;INLINE_LINK&quot;,&quot;value&quot;:&quot;Ukraine-Krieg&quot;,&quot;variant&quot;:&quot;standardLink&quot;,&quot;sponsored&quot;:false,&quot;linkHref&quot;:&quot;https:\/\/www.merkur.de\/politik\/ukraine-konflikt-sti1524391\/&quot;,&quot;storyElementPosition&quot;:8,&quot;storyElementCount&quot;:27}}\" rel=\"nofollow noopener\">Ukraine-Krieg<\/a> immer wieder selbst herbe milit\u00e4rische und wirtschaftliche R\u00fcckschl\u00e4ge hinnehmen.<\/p>\n<p>R\u00fcckschl\u00e4ge f\u00fcr Russland-Machthaber Wladimir Putin im Ukraine-Krieg<\/p>\n<p class=\"id-StoryElement-paragraph\">So mussten zum Beispiel am vergangenen Wochenende die <a href=\"https:\/\/www.chiemgau24.de\/politik\/drohnen-loesen-alarm-in-russland-aus-moskau-und-st-petersburg-reagieren-mit-massnahmen-zr-93820926.html\" class=\"id-import-Link\" data-id-ec=\"{&quot;sht&quot;:&quot;Container&quot;,&quot;shn&quot;:&quot;Story&quot;,&quot;p&quot;:{&quot;containerType&quot;:&quot;Paragraph&quot;,&quot;displayType&quot;:&quot;Paragraph InlineLink&quot;,&quot;type&quot;:&quot;INLINE_LINK&quot;,&quot;value&quot;:&quot;Flugh&#xE4;fen Moskau und St. Petersburg wegen Drohnen-Gefahr&quot;,&quot;variant&quot;:&quot;standardLink&quot;,&quot;sponsored&quot;:false,&quot;linkHref&quot;:&quot;https:\/\/www.chiemgau24.de\/politik\/drohnen-loesen-alarm-in-russland-aus-moskau-und-st-petersburg-reagieren-mit-massnahmen-zr-93820926.html&quot;,&quot;storyElementPosition&quot;:11,&quot;storyElementCount&quot;:27}}\" rel=\"nofollow noopener\" target=\"_blank\">Flugh\u00e4fen Moskau und St. Petersburg wegen Drohnen-Gefahr<\/a> zwischenzeitlich den Flugbetrieb einstellen, w\u00e4hrend gelieferte <a href=\"https:\/\/www.chiemgau24.de\/politik\/putins-raketenwerfer-aus-nordkorea-brennt-video-dokumentiert-heftige-explosion-zr-93817229.html\" class=\"id-import-Link\" data-id-ec=\"{&quot;sht&quot;:&quot;Container&quot;,&quot;shn&quot;:&quot;Story&quot;,&quot;p&quot;:{&quot;containerType&quot;:&quot;Paragraph&quot;,&quot;displayType&quot;:&quot;Paragraph InlineLink&quot;,&quot;type&quot;:&quot;INLINE_LINK&quot;,&quot;value&quot;:&quot;nordkoreanische Raketenwerfer durch ukrainische Drohnentreffer in Flammen&quot;,&quot;variant&quot;:&quot;standardLink&quot;,&quot;sponsored&quot;:false,&quot;linkHref&quot;:&quot;https:\/\/www.chiemgau24.de\/politik\/putins-raketenwerfer-aus-nordkorea-brennt-video-dokumentiert-heftige-explosion-zr-93817229.html&quot;,&quot;storyElementPosition&quot;:11,&quot;storyElementCount&quot;:27}}\" rel=\"nofollow noopener\" target=\"_blank\">nordkoreanische Raketenwerfer durch ukrainische Drohnentreffer in Flammen<\/a> aufgehen und sich unter Putins heftige Verluste an milit\u00e4rischem Material einreihen.<\/p>\n<p class=\"id-StoryElement-paragraph\">Wie ein Medienbericht nun beleuchtet, soll auch die sogenannte \u201eSchattenflotte\u201c des <a href=\"https:\/\/www.merkur.de\/welt\/moskau-die-hauptstadt-von-russland-92159972.html\" class=\"id-import-Link id-pageApi-Link--externalDomain\" data-id-ec=\"{&quot;sht&quot;:&quot;Container&quot;,&quot;shn&quot;:&quot;Story&quot;,&quot;p&quot;:{&quot;containerType&quot;:&quot;Paragraph&quot;,&quot;displayType&quot;:&quot;Paragraph InlineLink&quot;,&quot;type&quot;:&quot;INLINE_LINK&quot;,&quot;value&quot;:&quot;Moskau&quot;,&quot;variant&quot;:&quot;standardLink&quot;,&quot;sponsored&quot;:false,&quot;linkHref&quot;:&quot;https:\/\/www.merkur.de\/welt\/moskau-die-hauptstadt-von-russland-92159972.html&quot;,&quot;storyElementPosition&quot;:13,&quot;storyElementCount&quot;:27}}\" rel=\"nofollow noopener\" target=\"_blank\">Moskau<\/a>-Regimes aus <a href=\"https:\/\/www.merkur.de\/politik\/russland-staat-geschichte-politik-bevoelkerung-geografie-staedte-sprache-90176004.html\" class=\"id-import-Link id-pageApi-Link--externalDomain\" data-id-ec=\"{&quot;sht&quot;:&quot;Container&quot;,&quot;shn&quot;:&quot;Story&quot;,&quot;p&quot;:{&quot;containerType&quot;:&quot;Paragraph&quot;,&quot;displayType&quot;:&quot;Paragraph InlineLink&quot;,&quot;type&quot;:&quot;INLINE_LINK&quot;,&quot;value&quot;:&quot;Russland&quot;,&quot;variant&quot;:&quot;standardLink&quot;,&quot;sponsored&quot;:false,&quot;linkHref&quot;:&quot;https:\/\/www.merkur.de\/politik\/russland-staat-geschichte-politik-bevoelkerung-geografie-staedte-sprache-90176004.html&quot;,&quot;storyElementPosition&quot;:13,&quot;storyElementCount&quot;:27}}\" rel=\"nofollow noopener\" target=\"_blank\">Russland<\/a> ins Visier der <a href=\"https:\/\/www.merkur.de\/politik\/ukraine-staat-geschichte-politik-bevoelkerung-geografie-staedte-sprache-90175895.html\" class=\"id-import-Link id-pageApi-Link--externalDomain\" data-id-ec=\"{&quot;sht&quot;:&quot;Container&quot;,&quot;shn&quot;:&quot;Story&quot;,&quot;p&quot;:{&quot;containerType&quot;:&quot;Paragraph&quot;,&quot;displayType&quot;:&quot;Paragraph InlineLink&quot;,&quot;type&quot;:&quot;INLINE_LINK&quot;,&quot;value&quot;:&quot;Ukraine&quot;,&quot;variant&quot;:&quot;standardLink&quot;,&quot;sponsored&quot;:false,&quot;linkHref&quot;:&quot;https:\/\/www.merkur.de\/politik\/ukraine-staat-geschichte-politik-bevoelkerung-geografie-staedte-sprache-90175895.html&quot;,&quot;storyElementPosition&quot;:13,&quot;storyElementCount&quot;:27}}\" rel=\"nofollow noopener\" target=\"_blank\">Ukraine<\/a> geraten sein. Brisant: Und zwar in internationalen Gew\u00e4ssern, teils vor K\u00fcsten der Verteidigungsallianz <a href=\"https:\/\/www.fr.de\/politik\/nato-geschichte-bruessel-russland-ukraine-krim-annexion-usa-deutschland-91358399.html\" class=\"id-import-Link id-pageApi-Link--externalDomain\" data-id-ec=\"{&quot;sht&quot;:&quot;Container&quot;,&quot;shn&quot;:&quot;Story&quot;,&quot;p&quot;:{&quot;containerType&quot;:&quot;Paragraph&quot;,&quot;displayType&quot;:&quot;Paragraph InlineLink&quot;,&quot;type&quot;:&quot;INLINE_LINK&quot;,&quot;value&quot;:&quot;Nato&quot;,&quot;variant&quot;:&quot;standardLink&quot;,&quot;sponsored&quot;:false,&quot;linkHref&quot;:&quot;https:\/\/www.fr.de\/politik\/nato-geschichte-bruessel-russland-ukraine-krim-annexion-usa-deutschland-91358399.html&quot;,&quot;storyElementPosition&quot;:13,&quot;storyElementCount&quot;:27}}\" rel=\"nofollow noopener\" target=\"_blank\">Nato<\/a>. Dies berichtet die ukrainische Online-Zeitung Kyiv Post.<\/p>\n<p><img decoding=\"async\" class=\"id-RatioPlaceholder-element wv_story_el_image\" src=\"https:\/\/www.europesays.com\/de\/wp-content\/uploads\/2025\/07\/38876838-die-ukrainer-haben-wladimir-putins-schattenflotte-angeblich-vor-der-ligurischen-kueste-ital.jpeg\" loading=\"lazy\"   height=\"619\" width=\"1100\" alt=\"Die Ukrainer haben Wladimir Putins Schattenflotte angeblich vor der ligurischen K&#xFC;ste Italiens attackiert.\"\/>Die Ukrainer haben Wladimir Putins Schattenflotte angeblich vor der ligurischen K\u00fcste Italiens attackiert. \u00a9\u00a0Montage IPPEN.MEDIA \/ IMAGO \/ Zoonar \/ ZUMA PressWladimir Putins Schattenflotte: Ukraine nimmt Frachter in Ostsee und Mittelmeer ins Visier<\/p>\n<p class=\"id-StoryElement-paragraph\">Mehrere Frachtschiffe und Tanker wurden demnach im Schwarzen Meer, in der Ostsee und im Mittelmeer Ziel ukrainischer Sabotageaktionen, wie die Kyiv Post in einer Analyse auflistet. <a href=\"https:\/\/www.merkur.de\/politik\/rund-900-schiffe-neue-informationen-zu-russlands-geheimflotte-93816392.html\" class=\"id-import-Link id-pageApi-Link--externalDomain\" data-id-ec=\"{&quot;sht&quot;:&quot;Container&quot;,&quot;shn&quot;:&quot;Story&quot;,&quot;p&quot;:{&quot;containerType&quot;:&quot;Paragraph&quot;,&quot;displayType&quot;:&quot;Paragraph InlineLink&quot;,&quot;type&quot;:&quot;INLINE_LINK&quot;,&quot;value&quot;:&quot;Putins Schattenflotte soll rund 900 Schiffe&quot;,&quot;variant&quot;:&quot;standardLink&quot;,&quot;sponsored&quot;:false,&quot;linkHref&quot;:&quot;https:\/\/www.merkur.de\/politik\/rund-900-schiffe-neue-informationen-zu-russlands-geheimflotte-93816392.html&quot;,&quot;storyElementPosition&quot;:16,&quot;storyElementCount&quot;:27}}\" rel=\"nofollow noopener\" target=\"_blank\">Putins Schattenflotte soll rund 900 Schiffe<\/a> umfassen, wie der franz\u00f6sische Admiral Benoit de Guibert laut Tageszeitung\u00a0Le Parisien\u00a0am vergangenen Mittwoch (2. Juli) vor franz\u00f6sischen Abgeordneten erkl\u00e4rte. Mit den Frachtern will das russische Regime Wirtschaftssanktionen der Nato-Mitglieder umgehen und sanktionierte Waren in Drittl\u00e4nder liefern.<\/p>\n<p class=\"id-StoryElement-paragraph\">Russland tut dies mit Verschleierungstaktiken, indem die Frachter zum Beispiel unter anderer Flagge fahren und\/oder dubiose Besitzverh\u00e4ltnisse aufweisen. Putin verdient dadurch viele Milliarden f\u00fcr seine Kriegskasse. Wie die im Januar 2025 ver\u00f6ffentlichte <a href=\"https:\/\/www.zdf.de\/video\/reportagen\/die-spur-224\/putins-geheime-schattentanker-100\" rel=\"nofollow noopener\" target=\"_blank\" class=\"id-import-Link id-pageApi-Link--externalDomain\" data-id-ec=\"{&quot;sht&quot;:&quot;Container&quot;,&quot;shn&quot;:&quot;Story&quot;,&quot;p&quot;:{&quot;containerType&quot;:&quot;Paragraph&quot;,&quot;displayType&quot;:&quot;Paragraph InlineLink&quot;,&quot;type&quot;:&quot;INLINE_LINK&quot;,&quot;value&quot;:&quot;ZDF-Dokumentation&quot;,&quot;variant&quot;:&quot;standardLink&quot;,&quot;sponsored&quot;:false,&quot;linkHref&quot;:&quot;https:\/\/www.zdf.de\/video\/reportagen\/die-spur-224\/putins-geheime-schattentanker-100&quot;,&quot;storyElementPosition&quot;:18,&quot;storyElementCount&quot;:27}}\">ZDF-Dokumentation<\/a> \u201ePutins geheime Schattentanker \u2013 Wie Russland Sanktionen umgeht\u201c berichtete, flossen allein im Oktober 2024 t\u00e4glich gesch\u00e4tzt rund 210 Millionen Euro durch den Verkauf von Roh\u00f6l \u00fcber den Seeweg in den russischen Haushalt.<\/p>\n<p>Schattenflotte<\/p>\n<p class=\"id-StoryElement-factBox-paragraph\">Als\u00a0\u201eSchattenflotte\u201c, auch\u00a0\u201edunkle Flotte\u201c, werden Schiffe bezeichnet, die eine Verschleierungstaktik anwenden, um sanktionierte oder verbotene Waren zu transportieren. Zu den genannten Waren geh\u00f6ren Rohstoffe wie \u00d6l und Gas oder Waffen und Verteidigungstechnologien.<\/p>\n<p>Vor der K\u00fcste der T\u00fcrkei: Ukrainer attackieren Wladimir Putins Schattenflotte<\/p>\n<p class=\"id-StoryElement-paragraph\">Die Kyiv Post berichtet nun von gezielten Sabotage-Angriffen mit Sprengs\u00e4tzen auf Motoren, Lenkung und Antriebswellen einzelner Frachter. Wohl in Anspielung auf den Begriff Schattenflotte ist in dem Bericht vom \u201eSchattenkrieg der Ukraine\u201c die Rede. Beispiele, die genannte werden: Am 28. Januar 2025 habe eine ukrainische Marinedrohne den unter der Flagge der Marshall-Inseln fahrenden Tanker namens \u201eSeacharm\u201c vor der t\u00fcrkischen Schwarzmeerk\u00fcste attackiert. Eine Sprengladung habe dabei ein Meter langes Loch in den Rumpf gerissen und angeblich gezielt den Motorraum besch\u00e4digt. Die Informationen lassen sich nicht unabh\u00e4ngig verifizieren.<\/p>\n<p class=\"id-StoryElement-paragraph\">Am 4. Februar sei die Antriebswelle der unter liberianischer Flagge fahrende \u201eGrace Ferrum\u201c nahe Tobruk (Libyen) mit der Munition einer nicht n\u00e4her pr\u00e4zisierten Drohne getroffen worden. Geradezu spektakul\u00e4r: Am 15. Februar sei die unter maltesischer Flagge fahrende \u201eSeajewel\u201c vor der ligurischen K\u00fcste Italiens bei Savona von zwei Explosionen ersch\u00fcttert worden. Die Explosionen h\u00e4tten ein gro\u00dfes Loch in den Rumpf gerissen und angeblich die Ruderanlage des Frachters getroffen. Unklar ist, wie nahe an der italienischen K\u00fcste sich diese Sabotage zugetragen haben soll. Oder ob es sich noch um internationale Gew\u00e4sser im Mittelmeer gehandelt hat.<\/p>\n<p><img decoding=\"async\" class=\"id-RatioPlaceholder-element wv_story_el_image\" src=\"https:\/\/www.europesays.com\/de\/wp-content\/uploads\/2025\/07\/36745210-diese-vom-zdf-veroeffentlichte-aufnahmen-sollen-zeigen-wie-zwei-schattentanker-vor-griechen.jpeg\" loading=\"lazy\"   height=\"567\" width=\"1100\" alt=\"Diese vom ZDF ver&#xF6;ffentlichte Aufnahmen sollen zeigen, wie zwei Schattentanker vor Griechenland russisches &#xD6;l hin und her laden.\"\/>Diese vom ZDF ver\u00f6ffentlichte Aufnahmen sollen zeigen, wie zwei Schattentanker vor Griechenland russisches \u00d6l hin und her laden. \u00a9\u00a0Screenshot ZDFUkraine-Sabotage in der Ostsee: Russland-R\u00fcckschlag nahe der Nato-Grenze<\/p>\n<p class=\"id-StoryElement-paragraph\">Und auch in der Ostsee gehen die Ukrainer offenbar gegen Putins Schattenflotte vor. Ende Februar sei die unter der Flagge von Antigua und Barbuda fahrende \u201eKoala\u201c im russischen Ostseehafen Ust-Luga Ziel von Sabotage gewesen, schreibt die Kyiv Post. Demnach h\u00e4tten wohl Spezialeinheiten vor Ort tief in durch Russland kontrolliertem Gebiet mittels Drohnen zugeschlagen und das Antriebssystem des Frachters besch\u00e4digt. Ust-Luga ist ein wichtiger Umschlaghafen f\u00fcr Rohstoffe aus Russland. Die Hafenanlage liegt nur 25 Kilometer von der Nato-Grenze Estlands entfernt. (pm)<\/p>\n","protected":false},"excerpt":{"rendered":"chiemgau24-de Politik Stand: 08.07.2025, 04:47 Uhr Von: Patrick Mayer DruckenTeilen Einem Medienbericht nach greift die Ukraine die russische&hellip;\n","protected":false},"author":2,"featured_media":250898,"comment_status":"","ping_status":"","sticky":false,"template":"","format":"standard","meta":{"footnotes":""},"categories":[4012],"tags":[331,332,13,14,15,12,317],"class_list":{"0":"post-250897","1":"post","2":"type-post","3":"status-publish","4":"format-standard","5":"has-post-thumbnail","7":"category-ukraine","8":"tag-aktuelle-nachrichten","9":"tag-aktuelle-news","10":"tag-headlines","11":"tag-nachrichten","12":"tag-news","13":"tag-schlagzeilen","14":"tag-ukraine"},"share_on_mastodon":{"url":"https:\/\/pubeurope.com\/@de\/114815356449601608","error":""},"_links":{"self":[{"href":"https:\/\/www.europesays.com\/de\/wp-json\/wp\/v2\/posts\/250897","targetHints":{"allow":["GET"]}}],"collection":[{"href":"https:\/\/www.europesays.com\/de\/wp-json\/wp\/v2\/posts"}],"about":[{"href":"https:\/\/www.europesays.com\/de\/wp-json\/wp\/v2\/types\/post"}],"author":[{"embeddable":true,"href":"https:\/\/www.europesays.com\/de\/wp-json\/wp\/v2\/users\/2"}],"replies":[{"embeddable":true,"href":"https:\/\/www.europesays.com\/de\/wp-json\/wp\/v2\/comments?post=250897"}],"version-history":[{"count":0,"href":"https:\/\/www.europesays.com\/de\/wp-json\/wp\/v2\/posts\/250897\/revisions"}],"wp:featuredmedia":[{"embeddable":true,"href":"https:\/\/www.europesays.com\/de\/wp-json\/wp\/v2\/media\/250898"}],"wp:attachment":[{"href":"https:\/\/www.europesays.com\/de\/wp-json\/wp\/v2\/media?parent=250897"}],"wp:term":[{"taxonomy":"category","embeddable":true,"href":"https:\/\/www.europesays.com\/de\/wp-json\/wp\/v2\/categories?post=250897"},{"taxonomy":"post_tag","embeddable":true,"href":"https:\/\/www.europesays.com\/de\/wp-json\/wp\/v2\/tags?post=250897"}],"curies":[{"name":"wp","href":"https:\/\/api.w.org\/{rel}","templated":true}]}}