{"id":250903,"date":"2025-07-08T02:56:09","date_gmt":"2025-07-08T02:56:09","guid":{"rendered":"https:\/\/www.europesays.com\/de\/250903\/"},"modified":"2025-07-08T02:56:09","modified_gmt":"2025-07-08T02:56:09","slug":"kunst-und-kultur-fuer-13-prozent-der-co2-emissionen-frankreichs-verantwortlich-2","status":"publish","type":"post","link":"https:\/\/www.europesays.com\/de\/250903\/","title":{"rendered":"Kunst und Kultur f\u00fcr 1,3 Prozent der CO2-Emissionen Frankreichs verantwortlich"},"content":{"rendered":"<p>Wie gro\u00df ist der CO2-Fu\u00dfabdruck von Kunst und Kultur? Das hat das franz\u00f6sische Kulturministerium erstmals untersuchen lassen. Einer am Montag ver\u00f6ffentlichten Studie zufolge, \u00fcber die die Zeitung Le Monde berichtet, sind die bildenden und die darstellenden K\u00fcnste f\u00fcr 1,3 Prozent der CO2-Emissionen Frankreichs verantwortlich. Besonders hoch sei der Aussto\u00df der Pariser Oper mit 42.800 Tonnen Kohlendioxid-\u00c4quivalent pro Jahr. Dass der Anteil von Kunst und Kultur an Frankreichs CO2-Emissionen doppelt so hoch ist wie der des inl\u00e4ndischen Luftverkehrs, \u00fcberrascht. Denn das wirtschaftliche Gewicht der Kultur ist eher bescheiden und macht etwa zwei Prozent des franz\u00f6sischen Bruttoinlandsprodukts aus. Die von der Generaldirektion f\u00fcr k\u00fcnstlerisches Schaffen im Kulturministerium erstellte Berechnung f\u00e4llt auf den Beginn der franz\u00f6sischen Festivalsaison. Diese gilt als besonders umweltsch\u00e4dlich, da das Publikum zum Teil mit Auto oder Flugzeug anreist.<\/p>\n","protected":false},"excerpt":{"rendered":"Wie gro\u00df ist der CO2-Fu\u00dfabdruck von Kunst und Kultur? Das hat das franz\u00f6sische Kulturministerium erstmals untersuchen lassen. Einer&hellip;\n","protected":false},"author":2,"featured_media":248868,"comment_status":"","ping_status":"","sticky":false,"template":"","format":"standard","meta":{"footnotes":""},"categories":[3974],"tags":[331,332,548,663,3934,3980,156,13,14,15,12],"class_list":{"0":"post-250903","1":"post","2":"type-post","3":"status-publish","4":"format-standard","5":"has-post-thumbnail","7":"category-frankreich","8":"tag-aktuelle-nachrichten","9":"tag-aktuelle-news","10":"tag-eu","11":"tag-europa","12":"tag-europe","13":"tag-france","14":"tag-frankreich","15":"tag-headlines","16":"tag-nachrichten","17":"tag-news","18":"tag-schlagzeilen"},"share_on_mastodon":{"url":"https:\/\/pubeurope.com\/@de\/114815368360361919","error":""},"_links":{"self":[{"href":"https:\/\/www.europesays.com\/de\/wp-json\/wp\/v2\/posts\/250903","targetHints":{"allow":["GET"]}}],"collection":[{"href":"https:\/\/www.europesays.com\/de\/wp-json\/wp\/v2\/posts"}],"about":[{"href":"https:\/\/www.europesays.com\/de\/wp-json\/wp\/v2\/types\/post"}],"author":[{"embeddable":true,"href":"https:\/\/www.europesays.com\/de\/wp-json\/wp\/v2\/users\/2"}],"replies":[{"embeddable":true,"href":"https:\/\/www.europesays.com\/de\/wp-json\/wp\/v2\/comments?post=250903"}],"version-history":[{"count":0,"href":"https:\/\/www.europesays.com\/de\/wp-json\/wp\/v2\/posts\/250903\/revisions"}],"wp:featuredmedia":[{"embeddable":true,"href":"https:\/\/www.europesays.com\/de\/wp-json\/wp\/v2\/media\/248868"}],"wp:attachment":[{"href":"https:\/\/www.europesays.com\/de\/wp-json\/wp\/v2\/media?parent=250903"}],"wp:term":[{"taxonomy":"category","embeddable":true,"href":"https:\/\/www.europesays.com\/de\/wp-json\/wp\/v2\/categories?post=250903"},{"taxonomy":"post_tag","embeddable":true,"href":"https:\/\/www.europesays.com\/de\/wp-json\/wp\/v2\/tags?post=250903"}],"curies":[{"name":"wp","href":"https:\/\/api.w.org\/{rel}","templated":true}]}}