{"id":250904,"date":"2025-07-08T02:57:13","date_gmt":"2025-07-08T02:57:13","guid":{"rendered":"https:\/\/www.europesays.com\/de\/250904\/"},"modified":"2025-07-08T02:57:13","modified_gmt":"2025-07-08T02:57:13","slug":"busworld-vehicle-awards-2025-diese-elf-busse-und-coaches-stehen-im-finale-preisverleihungen-wettbewerbe-busworld-europe-news-busplaner-technik-oepnv","status":"publish","type":"post","link":"https:\/\/www.europesays.com\/de\/250904\/","title":{"rendered":"Busworld Vehicle Awards 2025: Diese elf Busse und Coaches stehen im Finale &#8211; Preisverleihungen, Wettbewerbe, Busworld Europe | News | busplaner &#8211; Technik &#8211; \u00d6PNV"},"content":{"rendered":"<p>Im Rahmen der Busworld Europe 2025, die vom 4. bis 9. Oktober auf dem Gel\u00e4nde der Brussels Expo stattfindet, werden erneut die Busworld Vehicle Awards vergeben. Die Auszeichnungen gelten als etablierter Branchenma\u00dfstab f\u00fcr technische Qualit\u00e4t und Innovationskraft im Bus- und Reisebussegment. Die feierliche Bekanntgabe der Gewinner erfolgt am 3. Oktober 2025 im Rahmen der offiziellen Er\u00f6ffnungsgala.<\/p>\n<p><strong>Auszeichnungen in mehreren Kategorien <\/strong><\/p>\n<p>Vergeben werden zwei Hauptpreise: der \u201eGrand Award Bus\u201c und der \u201eGrand Award Coach\u201c. Dar\u00fcber hinaus werden drei weitere Auszeichnungen in den Kategorien \u201eEcology\u201c, \u201eSafety\u201c und \u201eComfort\u201c vergeben. Diese Kriterien orientieren sich an aktuellen Entwicklungen und Herausforderungen in der Bus- und Coach-Branche.<\/p>\n<p><strong>Fachjury mit 12 Arbeitsgruppen <\/strong><\/p>\n<p>Die Bewertung der Fahrzeuge \u00fcbernimmt eine rund 30-k\u00f6pfige, international besetzte Fachjury. Diese ist in zw\u00f6lf spezialisierte Arbeitsgruppen unterteilt, die sich jeweils einem Aspekt der Fahrzeugbewertung widmen. Zu den Schwerpunkten geh\u00f6ren unter anderem Fahrdynamik, Emissionen, Wartung, Fahrer- und Fahrgastkomfort, Sicherheitsaspekte, Digitalisierung, Batteriesysteme und Design. Die Jury setzt sich aus Fachleuten von Verkehrsunternehmen, Industrie, Fachmedien und Beratungsh\u00e4usern zusammen. Die Bewertungsgrundlagen werden regelm\u00e4\u00dfig an aktuelle technologische Standards angepasst.<\/p>\n<p><strong>Elf Fahrzeuge im Wettbewerb <\/strong><\/p>\n<p>F\u00fcr die Ausgabe 2025 wurden insgesamt elf Fahrzeuge nominiert \u2013 f\u00fcnf im Bereich Stadt- und \u00dcberlandbus, sechs im Segment Reisebus. Die eingereichten Modelle repr\u00e4sentieren unterschiedliche Antriebstechnologien, darunter batterieelektrische Busse, Wasserstofffahrzeuge und rein elektrische Langstreckenbusse.<\/p>\n<p>Teilnehmende Fahrzeuge in der Kategorie Bus:<\/p>\n<ul>\n<li>Yutong U15 (Yutong Bus)<\/li>\n<li>12m Procity EV (BMC)<\/li>\n<li>Mercedes-Benz eCitaro (Daimler Buses)<\/li>\n<li>H2.City Gold \u2013 18m Hydrogen (CaetanoBus)<\/li>\n<li>Otokar e-Kent (Otokar)<\/li>\n<\/ul>\n<p>Teilnehmende Fahrzeuge in der Kategorie Coach:<\/p>\n<ul>\n<li>Yutong IC12E (Yutong)<\/li>\n<li>NEOPLAN Skyliner (MAN Truck &amp; Bus)<\/li>\n<li>Scania Irizar i6S Efficient mit neuem Antriebskonzept (Scania)<\/li>\n<li>Setra S 515 HD (Daimler Buses)<\/li>\n<li>e-Territo (Otokar)<\/li>\n<li>Yutong T14E (Yutong Bus)<\/li>\n<\/ul>\n<p><strong>Praxistests in Kortrijk <\/strong><\/p>\n<p>Die Bewertungsfahrten finden am 27. September 2025 in Kortrijk (Belgien) statt \u2013 dem fr\u00fcheren Austragungsort der Busworld. Die Strecke bietet realit\u00e4tsnahe Verkehrsbedingungen und ein ruhiges Testumfeld. Der Fahrbetrieb z\u00e4hlt weiterhin zu den zentralen Bewertungskriterien der Jury.<\/p>\n<p><strong>Designpreis wird separat verliehen <\/strong><\/p>\n<p>Erstmals wird der bisherige \u201eDesign Label\u201c-Preis als eigenst\u00e4ndiger Busworld Design Award vergeben. Bewertet werden alle auf der Messe ausgestellten Fahrzeuge direkt vor Ort. Ausgezeichnet werden je ein Bus und ein Coach mit besonderer gestalterischer und ergonomischer Qualit\u00e4t. Die Bewertung \u00fcbernimmt ebenfalls die Hauptjury.<\/p>\n","protected":false},"excerpt":{"rendered":"Im Rahmen der Busworld Europe 2025, die vom 4. bis 9. Oktober auf dem Gel\u00e4nde der Brussels Expo&hellip;\n","protected":false},"author":2,"featured_media":250905,"comment_status":"","ping_status":"","sticky":false,"template":"","format":"standard","meta":{"footnotes":""},"categories":[3933],"tags":[331,332,77080,548,663,158,3934,3935,13,14,15,1071,12,77079],"class_list":{"0":"post-250904","1":"post","2":"type-post","3":"status-publish","4":"format-standard","5":"has-post-thumbnail","7":"category-eu","8":"tag-aktuelle-nachrichten","9":"tag-aktuelle-news","10":"tag-busworld-europe","11":"tag-eu","12":"tag-europa","13":"tag-europaeische-union","14":"tag-europe","15":"tag-european-union","16":"tag-headlines","17":"tag-nachrichten","18":"tag-news","19":"tag-preisverleihungen","20":"tag-schlagzeilen","21":"tag-wettbewerbe"},"share_on_mastodon":{"url":"https:\/\/pubeurope.com\/@de\/114815372227671891","error":""},"_links":{"self":[{"href":"https:\/\/www.europesays.com\/de\/wp-json\/wp\/v2\/posts\/250904","targetHints":{"allow":["GET"]}}],"collection":[{"href":"https:\/\/www.europesays.com\/de\/wp-json\/wp\/v2\/posts"}],"about":[{"href":"https:\/\/www.europesays.com\/de\/wp-json\/wp\/v2\/types\/post"}],"author":[{"embeddable":true,"href":"https:\/\/www.europesays.com\/de\/wp-json\/wp\/v2\/users\/2"}],"replies":[{"embeddable":true,"href":"https:\/\/www.europesays.com\/de\/wp-json\/wp\/v2\/comments?post=250904"}],"version-history":[{"count":0,"href":"https:\/\/www.europesays.com\/de\/wp-json\/wp\/v2\/posts\/250904\/revisions"}],"wp:featuredmedia":[{"embeddable":true,"href":"https:\/\/www.europesays.com\/de\/wp-json\/wp\/v2\/media\/250905"}],"wp:attachment":[{"href":"https:\/\/www.europesays.com\/de\/wp-json\/wp\/v2\/media?parent=250904"}],"wp:term":[{"taxonomy":"category","embeddable":true,"href":"https:\/\/www.europesays.com\/de\/wp-json\/wp\/v2\/categories?post=250904"},{"taxonomy":"post_tag","embeddable":true,"href":"https:\/\/www.europesays.com\/de\/wp-json\/wp\/v2\/tags?post=250904"}],"curies":[{"name":"wp","href":"https:\/\/api.w.org\/{rel}","templated":true}]}}