{"id":250941,"date":"2025-07-08T03:16:10","date_gmt":"2025-07-08T03:16:10","guid":{"rendered":"https:\/\/www.europesays.com\/de\/250941\/"},"modified":"2025-07-08T03:16:10","modified_gmt":"2025-07-08T03:16:10","slug":"asterix-obelix-ausstellung-in-dortmund","status":"publish","type":"post","link":"https:\/\/www.europesays.com\/de\/250941\/","title":{"rendered":"Asterix &#038; Obelix Ausstellung in Dortmund"},"content":{"rendered":"<p class=\"small date article__date\">Ver\u00f6ffentlicht:\u00a0Dienstag, 08.07.2025 03:33<\/p>\n<p>Alle Fans der pfiffigen Gallier kommen ab sofort im Phoenix des Lumi\u00e8res in Dortmund auf ihre Kosten: Dort l\u00e4uft die Ausstellung &#8222;Ein immersives Abenteuer&#8220;. Das ist eine visuelle Kreation aus Bildern, Kl\u00e4ngen und Licht.<\/p>\n<p><img decoding=\"async\" alt=\"\" src=\"https:\/\/www.europesays.com\/de\/wp-content\/uploads\/2025\/07\/1000005720.jpg&#038;crop=0x69x4080x2550&#038;resize=1280x800&#038;dt=202506030945380.jpeg\" data-size=\"1280x800\"\/>\u00a9 Radio Ennepe RuhrAsterix und Obelix auf besonderer Mission<\/p>\n<p>Asterix und Obelix begeben sich hier auf ein ganz besonderes Abenteuer.\u00a0Der Druide Miraculix wurde entf\u00fchrt, die Helden suchen ihn \u2013 \u00fcberall auf der in der Antike bekannten Welt. Und erleben ihre bekannten Abenteuer noch mal neu. <\/p>\n<p>Ausstellung geht bis zum 31. August 2025<\/p>\n<p><strong>Die \u00d6ffnungszeiten:<\/strong><\/p>\n<p>\u2022 Montag, Mittwoch &amp; Donnerstag: von 13:15 bis 17:00 Uhr<\/p>\n<p>\u2022 Dienstag, Freitag &amp; Samstag: von 13:15 bis 20:00 Uhr<\/p>\n<p>\u2022 Sonntag: von 13:15 bis 18:00 Uhr<\/p>\n<p>Vom 12. Juli bis zum 31. August: jeden Tag von 13:15 bis 18:00 Uhr<\/p>\n<p><strong>Ort:<\/strong><\/p>\n<p>Phoenix des Lumi\u00e8res &#8211; Phoenixplatz 4, 44263 Dortmund<\/p>\n<p><strong>Parken:<\/strong><\/p>\n<p>Parkpl\u00e4tze P1 und P2 auf der Konrad-Zuse-Stra\u00dfe sind f\u00fcr G\u00e4ste 90 Minuten lang gratis. Dein Ticket f\u00fcr Phoenix des Lumi\u00e8res gilt auch als Parkticket.<\/p>\n<p><strong>Altersbeschr\u00e4nkung:<\/strong><\/p>\n<p>Wegen der Ger\u00e4usche und Lichteffekte wird vom Besuch mit einem Kind unter 2 Jahren abgeraten<\/p>\n<p><a href=\"https:\/\/asterix.phoenix-lumieres.com\/\" rel=\"noopener noreferrer nofollow\" target=\"_blank\">Hier<\/a> bekommt ihr alle Infos<\/p>\n<p>Mehr Nachrichten aus dem Ennepe-Ruhr-Kreis<\/p>\n","protected":false},"excerpt":{"rendered":"Ver\u00f6ffentlicht:\u00a0Dienstag, 08.07.2025 03:33 Alle Fans der pfiffigen Gallier kommen ab sofort im Phoenix des Lumi\u00e8res in Dortmund auf&hellip;\n","protected":false},"author":2,"featured_media":250942,"comment_status":"","ping_status":"","sticky":false,"template":"","format":"standard","meta":{"footnotes":""},"categories":[1833],"tags":[77083,77085,77084,2076,3364,29,217,30,1209,70730],"class_list":{"0":"post-250941","1":"post","2":"type-post","3":"status-publish","4":"format-standard","5":"has-post-thumbnail","7":"category-dortmund","8":"tag-asterix","9":"tag-immersives-abenteuer","10":"tag-obelix","11":"tag-ausstellung","12":"tag-de","13":"tag-deutschland","14":"tag-dortmund","15":"tag-germany","16":"tag-nordrhein-westfalen","17":"tag-phoenix-des-lumieres"},"share_on_mastodon":{"url":"https:\/\/pubeurope.com\/@de\/114815446955570343","error":""},"_links":{"self":[{"href":"https:\/\/www.europesays.com\/de\/wp-json\/wp\/v2\/posts\/250941","targetHints":{"allow":["GET"]}}],"collection":[{"href":"https:\/\/www.europesays.com\/de\/wp-json\/wp\/v2\/posts"}],"about":[{"href":"https:\/\/www.europesays.com\/de\/wp-json\/wp\/v2\/types\/post"}],"author":[{"embeddable":true,"href":"https:\/\/www.europesays.com\/de\/wp-json\/wp\/v2\/users\/2"}],"replies":[{"embeddable":true,"href":"https:\/\/www.europesays.com\/de\/wp-json\/wp\/v2\/comments?post=250941"}],"version-history":[{"count":0,"href":"https:\/\/www.europesays.com\/de\/wp-json\/wp\/v2\/posts\/250941\/revisions"}],"wp:featuredmedia":[{"embeddable":true,"href":"https:\/\/www.europesays.com\/de\/wp-json\/wp\/v2\/media\/250942"}],"wp:attachment":[{"href":"https:\/\/www.europesays.com\/de\/wp-json\/wp\/v2\/media?parent=250941"}],"wp:term":[{"taxonomy":"category","embeddable":true,"href":"https:\/\/www.europesays.com\/de\/wp-json\/wp\/v2\/categories?post=250941"},{"taxonomy":"post_tag","embeddable":true,"href":"https:\/\/www.europesays.com\/de\/wp-json\/wp\/v2\/tags?post=250941"}],"curies":[{"name":"wp","href":"https:\/\/api.w.org\/{rel}","templated":true}]}}