{"id":250943,"date":"2025-07-08T03:17:13","date_gmt":"2025-07-08T03:17:13","guid":{"rendered":"https:\/\/www.europesays.com\/de\/250943\/"},"modified":"2025-07-08T03:17:13","modified_gmt":"2025-07-08T03:17:13","slug":"fotostrecke-vom-notabriss-eines-hauses-in-boevinghausen","status":"publish","type":"post","link":"https:\/\/www.europesays.com\/de\/250943\/","title":{"rendered":"Fotostrecke vom Notabriss eines Hauses in B\u00f6vinghausen"},"content":{"rendered":"<p>\t\tSchutt bl\u00e4ht gef\u00e4hrliche Schrott-Immobilie auf<br \/>\n\t\t\t\t\tFotostrecke zeigt spektakul\u00e4ren Notabriss<\/p>\n<p>\t\t<img alt=\"\" src=\"https:\/\/www.europesays.com\/de\/wp-content\/uploads\/2025\/04\/630_0036_533460_.jpg\"  class=\"avatar avatar-36 photo avatar-default\" height=\"36\" width=\"36\" loading=\"lazy\" decoding=\"async\"\/>\t\t<a class=\"article-author__name\" href=\"https:\/\/www.ruhrnachrichten.de\/author\/uwe-von-schirp\/\" rel=\"author noopener\" target=\"_blank\">Uwe von Schirp<\/a><br \/>\n\t\tRedakteur<\/p>\n<p class=\"article__teaser-text\">Als \u201eGammelhaus\u201c war ein Mehrfamilienhaus an der Provinzialstra\u00dfe in Dortmund schon lange bekannt. Jetzt drohte es einzust\u00fcrzen. Der Notabriss des THW in Bildern.<\/p>\n<p>    <a href=\"https:\/\/www.ruhrnachrichten.de\/wp-content\/uploads\/2025\/07\/07\/15\/630_0900_4857033_thweinstu38-1648x824.jpg\" target=\"_blank\" rel=\"noopener\"><\/p>\n<p>            <img loading=\"lazy\" decoding=\"async\" src=\"https:\/\/www.europesays.com\/de\/wp-content\/uploads\/2025\/07\/630_0900_4857032_thweinstu38-640x428.jpg\" width=\"640\" height=\"428\"  alt=\"Einsatzkr\u00e4fte des THW auf einem Berg Bauschutt an der Provinzialstra\u00dfe in B\u00f6vinghausen.\"\/><\/p>\n<p>    <\/a><br \/>\n    Eine Spezialeinheit des Technischen Hilfswerks musste ein Haus an der Provinzialstra\u00dfe in B\u00f6vinghausen abrei\u00dfen. \u00a9 W\u00fcllner \/ News 4 Video-Line TV <\/p>\n","protected":false},"excerpt":{"rendered":"Schutt bl\u00e4ht gef\u00e4hrliche Schrott-Immobilie auf Fotostrecke zeigt spektakul\u00e4ren Notabriss Uwe von Schirp Redakteur Als \u201eGammelhaus\u201c war ein Mehrfamilienhaus&hellip;\n","protected":false},"author":2,"featured_media":250944,"comment_status":"","ping_status":"","sticky":false,"template":"","format":"standard","meta":{"footnotes":""},"categories":[1833],"tags":[1950,3364,29,217,71430,30,1209],"class_list":{"0":"post-250943","1":"post","2":"type-post","3":"status-publish","4":"format-standard","5":"has-post-thumbnail","7":"category-dortmund","8":"tag-blaulicht","9":"tag-de","10":"tag-deutschland","11":"tag-dortmund","12":"tag-fotostrecke","13":"tag-germany","14":"tag-nordrhein-westfalen"},"share_on_mastodon":{"url":"https:\/\/pubeurope.com\/@de\/114815450865080130","error":""},"_links":{"self":[{"href":"https:\/\/www.europesays.com\/de\/wp-json\/wp\/v2\/posts\/250943","targetHints":{"allow":["GET"]}}],"collection":[{"href":"https:\/\/www.europesays.com\/de\/wp-json\/wp\/v2\/posts"}],"about":[{"href":"https:\/\/www.europesays.com\/de\/wp-json\/wp\/v2\/types\/post"}],"author":[{"embeddable":true,"href":"https:\/\/www.europesays.com\/de\/wp-json\/wp\/v2\/users\/2"}],"replies":[{"embeddable":true,"href":"https:\/\/www.europesays.com\/de\/wp-json\/wp\/v2\/comments?post=250943"}],"version-history":[{"count":0,"href":"https:\/\/www.europesays.com\/de\/wp-json\/wp\/v2\/posts\/250943\/revisions"}],"wp:featuredmedia":[{"embeddable":true,"href":"https:\/\/www.europesays.com\/de\/wp-json\/wp\/v2\/media\/250944"}],"wp:attachment":[{"href":"https:\/\/www.europesays.com\/de\/wp-json\/wp\/v2\/media?parent=250943"}],"wp:term":[{"taxonomy":"category","embeddable":true,"href":"https:\/\/www.europesays.com\/de\/wp-json\/wp\/v2\/categories?post=250943"},{"taxonomy":"post_tag","embeddable":true,"href":"https:\/\/www.europesays.com\/de\/wp-json\/wp\/v2\/tags?post=250943"}],"curies":[{"name":"wp","href":"https:\/\/api.w.org\/{rel}","templated":true}]}}