{"id":250958,"date":"2025-07-08T03:27:12","date_gmt":"2025-07-08T03:27:12","guid":{"rendered":"https:\/\/www.europesays.com\/de\/250958\/"},"modified":"2025-07-08T03:27:12","modified_gmt":"2025-07-08T03:27:12","slug":"ron-robert-zieler-ex-vfb-torhueter-wechselt-zum-1-fc-koeln","status":"publish","type":"post","link":"https:\/\/www.europesays.com\/de\/250958\/","title":{"rendered":"Ron-Robert Zieler: Ex-VfB-Torh\u00fcter wechselt zum 1. FC K\u00f6ln"},"content":{"rendered":"<p>\t\t\t\t\t\t\t\t\t\t\t\t\t\t\t\t\t\t\t\t\t\t\t\t\t\t\t\t      \t\t            \t\t             \t\t\t\t   \t\t\t\t\t   <img decoding=\"async\" id=\"article-image\" fetchpriority=\"high\" alt=\"Ron-Robert Zieler: Ex-VfB-Torh\u00fcter wechselt zum 1. FC K\u00f6ln\" title=\"Ron-Robert Zieler: Ex-VfB-Torh\u00fcter wechselt zum 1. FC K\u00f6ln\" src=\"https:\/\/www.europesays.com\/de\/wp-content\/uploads\/2025\/07\/media.media.503be8c3-5fbb-4cda-8a2a-6f07f1ab5c1f.16x9_700.jpg\" data-linkto=\"https:\/\/www.stuttgarter-nachrichten.de\/javascript:void(0);\"\/>\t\t\t\t\t\t\t\t\t\t\t\t\t\t\t\t\t\t\t\t\t\t\t\tRon-Robert Zieler wechselt zum 1. FC K\u00f6ln.\u00a0Foto: Soeren Stache\/dpa\/Soeren Stache\t\t\t<\/p>\n<p>Mit Ron-Robert Zieler verpflichtet der 1. FC K\u00f6ln einen Weltmeister als neuen Torh\u00fcter. Der 36-J\u00e4hrige kehrt damit von Hannover 96 in seine Heimatstadt zur\u00fcck.<\/p>\n<p>Torh\u00fcter <a href=\"https:\/\/www.stuttgarter-nachrichten.de\/thema\/Ron-Robert_Zieler\" title=\"Ron-Robert Zieler\" class=\"art_thema\" target=\"_blank\" rel=\"noopener\">Ron-Robert Zieler<\/a> wechselt vom Zweitligisten <a href=\"https:\/\/www.stuttgarter-nachrichten.de\/thema\/Hannover_96\" title=\"Hannover 96\" class=\"art_thema\" target=\"_blank\" rel=\"noopener\">Hannover 96<\/a> zum <a href=\"https:\/\/www.stuttgarter-nachrichten.de\/thema\/Bundesliga\" title=\"Bundesliga\" class=\"art_thema\" target=\"_blank\" rel=\"noopener\">Bundesliga<\/a>-Aufsteiger <a href=\"https:\/\/www.stuttgarter-nachrichten.de\/thema\/1._FC_K%C3%B6ln\" title=\"1. FC K\u00f6ln\" class=\"art_thema\" target=\"_blank\" rel=\"noopener\">1. FC K\u00f6ln<\/a>. Der Fu\u00dfball-Weltmeister von 2014 erh\u00e4lt beim FC einen Zweijahresvertrag, wie die K\u00f6lner mitteilten. Zu den Abl\u00f6semodalit\u00e4ten machten beide Clubs keine Angaben.<\/p>\n<p>Laut Medienberichten zahlt K\u00f6ln f\u00fcr den 36-J\u00e4hrigen rund 200.000 Euro, da sich der Vertrag von Zieler in Hannover erst im Fr\u00fchjahr automatisch bis 2026 verl\u00e4ngert hatte. \u201eRon war ein absoluter Wunschspieler in unserer Kaderplanung und wird als wichtiges Puzzlest\u00fcck einen wertvollen Beitrag f\u00fcr eine erfolgreiche Saison leisten\u201c, sagte K\u00f6lns Sportdirektor Thomas Kessler laut Mitteilung.<\/p>\n<p>Schon die zweite R\u00fcckkehr in die Geburtsstadt <\/p>\n<p>Zieler wird aller Voraussicht nach die Rolle als Nummer zwei hinter Stammkeeper Marvin Schw\u00e4be einnehmen. F\u00fcr den geb\u00fcrtigen K\u00f6lner ist es die zweite R\u00fcckkehr in seine Geburtsstadt. Schon in seiner Jugend spielte er sechs Jahre lang am Gei\u00dfbockheim, bevor er 2005 zur Nachwuchsakademie von Manchester United wechselte.<\/p>\n<p><img decoding=\"async\" class=\"meinvfbIcon\" src=\"https:\/\/www.stuttgarter-nachrichten.de\/media.media.0ea35dc3-cd0f-4f5f-9738-e5db772ac229.original.svg\"\/> <\/p>\n<p>In der Saison 2020\/21 war er von Hannover an den FC ausgeliehen, unterst\u00fctzte dort Stammtorh\u00fcter Timo Horn und kam auf einen Einsatz. F\u00fcr die Niedersachsen machte Zieler insgesamt 382 Pflichtspiele. Damit belegt er Platz sechs in der Rangliste der Profis mit den meisten Eins\u00e4tzen f\u00fcr 96. Von 2017 bis 2019 stand Ron-Robert Zieler beim <a href=\"https:\/\/www.stuttgarter-nachrichten.de\/thema\/VfB_Stuttgart\" title=\"VfB Stuttgart\" class=\"art_thema\" target=\"_blank\" rel=\"noopener\">VfB Stuttgart<\/a> zwischen den Pfosten.<\/p>\n<p>K\u00f6ln sei seine \u201eHeimat\u201c, sagte Zieler und f\u00fcgte hinzu: \u201eTrotzdem habe ich bis zu Thomas Kesslers Anruf tats\u00e4chlich nicht \u00fcber einen Wechsel nachgedacht. Denn auch Hannover ist in all den Jahren Zuhause geworden. Mit beiden Seiten habe ich offene Gespr\u00e4che gef\u00fchrt.\u201c Er habe vom FC von Anfang eine \u201esehr gro\u00dfe Wertsch\u00e4tzung gesp\u00fcrt\u201c und nach der aktiven Karriere \u201eeine klare Perspektive aufgezeigt bekommen\u201c, erkl\u00e4rte der Routinier.<\/p>\n","protected":false},"excerpt":{"rendered":"Ron-Robert Zieler wechselt zum 1. FC K\u00f6ln.\u00a0Foto: Soeren Stache\/dpa\/Soeren Stache Mit Ron-Robert Zieler verpflichtet der 1. FC K\u00f6ln&hellip;\n","protected":false},"author":2,"featured_media":250959,"comment_status":"","ping_status":"","sticky":false,"template":"","format":"standard","meta":{"footnotes":""},"categories":[1828],"tags":[623,299,29,30,2366,1420,1209,76850,3165,2915],"class_list":{"0":"post-250958","1":"post","2":"type-post","3":"status-publish","4":"format-standard","5":"has-post-thumbnail","7":"category-koeln","8":"tag-1-fc-koeln","9":"tag-bundesliga","10":"tag-deutschland","11":"tag-germany","12":"tag-hannover-96","13":"tag-koeln","14":"tag-nordrhein-westfalen","15":"tag-ron-robert-zieler","16":"tag-transfermarkt","17":"tag-vfb-stuttgart"},"share_on_mastodon":{"url":"https:\/\/pubeurope.com\/@de\/114815490331020870","error":""},"_links":{"self":[{"href":"https:\/\/www.europesays.com\/de\/wp-json\/wp\/v2\/posts\/250958","targetHints":{"allow":["GET"]}}],"collection":[{"href":"https:\/\/www.europesays.com\/de\/wp-json\/wp\/v2\/posts"}],"about":[{"href":"https:\/\/www.europesays.com\/de\/wp-json\/wp\/v2\/types\/post"}],"author":[{"embeddable":true,"href":"https:\/\/www.europesays.com\/de\/wp-json\/wp\/v2\/users\/2"}],"replies":[{"embeddable":true,"href":"https:\/\/www.europesays.com\/de\/wp-json\/wp\/v2\/comments?post=250958"}],"version-history":[{"count":0,"href":"https:\/\/www.europesays.com\/de\/wp-json\/wp\/v2\/posts\/250958\/revisions"}],"wp:featuredmedia":[{"embeddable":true,"href":"https:\/\/www.europesays.com\/de\/wp-json\/wp\/v2\/media\/250959"}],"wp:attachment":[{"href":"https:\/\/www.europesays.com\/de\/wp-json\/wp\/v2\/media?parent=250958"}],"wp:term":[{"taxonomy":"category","embeddable":true,"href":"https:\/\/www.europesays.com\/de\/wp-json\/wp\/v2\/categories?post=250958"},{"taxonomy":"post_tag","embeddable":true,"href":"https:\/\/www.europesays.com\/de\/wp-json\/wp\/v2\/tags?post=250958"}],"curies":[{"name":"wp","href":"https:\/\/api.w.org\/{rel}","templated":true}]}}