{"id":250977,"date":"2025-07-08T03:38:09","date_gmt":"2025-07-08T03:38:09","guid":{"rendered":"https:\/\/www.europesays.com\/de\/250977\/"},"modified":"2025-07-08T03:38:09","modified_gmt":"2025-07-08T03:38:09","slug":"bill-und-tom-kaulitz-ihr-kohle-kosmos-ihr-vermoegen-unterhaltung","status":"publish","type":"post","link":"https:\/\/www.europesays.com\/de\/250977\/","title":{"rendered":"Bill und Tom Kaulitz: ihr Kohle-Kosmos, ihr Verm\u00f6gen! | Unterhaltung"},"content":{"rendered":"<p>Die Kaulitz-Zwillinge Bill und Tom leben im Luxus und zeigen in ihrer Netflix-Doku, was sie haben. Alles mit harter Arbeit und Strategie verdient, ihr Business-Imperium w\u00e4chst seit mehr als 20 Jahren. <\/p>\n<p><b>Rund um Musik, Mode und Medien haben die Musiker von Tokio Hotel zahlreiche Firmen gegr\u00fcndet und verdienen clever. Wie sie ihr Geld investieren und zur\u00fcckgeben, wei\u00df BILD. Lesen Sie hier die Details zum Kohle-Kosmos der Kaulitz-Br\u00fcder!<\/b><\/p>\n","protected":false},"excerpt":{"rendered":"Die Kaulitz-Zwillinge Bill und Tom leben im Luxus und zeigen in ihrer Netflix-Doku, was sie haben. Alles mit&hellip;\n","protected":false},"author":2,"featured_media":250978,"comment_status":"","ping_status":"","sticky":false,"template":"","format":"standard","meta":{"footnotes":""},"categories":[1776],"tags":[1801,29,214,30,11270,5351,5352,27432,2846,1802,45,5353,215],"class_list":{"0":"post-250977","1":"post","2":"type-post","3":"status-publish","4":"format-standard","5":"has-post-thumbnail","7":"category-prominente","8":"tag-celebrities","9":"tag-deutschland","10":"tag-entertainment","11":"tag-germany","12":"tag-germanys-next-topmodel","13":"tag-kaulitz-bill","14":"tag-kaulitz-tom","15":"tag-klum-heidi","16":"tag-netflix","17":"tag-prominente","18":"tag-texttospeech","19":"tag-tokio-hotel","20":"tag-unterhaltung"},"share_on_mastodon":{"url":"https:\/\/pubeurope.com\/@de\/114815533229699957","error":""},"_links":{"self":[{"href":"https:\/\/www.europesays.com\/de\/wp-json\/wp\/v2\/posts\/250977","targetHints":{"allow":["GET"]}}],"collection":[{"href":"https:\/\/www.europesays.com\/de\/wp-json\/wp\/v2\/posts"}],"about":[{"href":"https:\/\/www.europesays.com\/de\/wp-json\/wp\/v2\/types\/post"}],"author":[{"embeddable":true,"href":"https:\/\/www.europesays.com\/de\/wp-json\/wp\/v2\/users\/2"}],"replies":[{"embeddable":true,"href":"https:\/\/www.europesays.com\/de\/wp-json\/wp\/v2\/comments?post=250977"}],"version-history":[{"count":0,"href":"https:\/\/www.europesays.com\/de\/wp-json\/wp\/v2\/posts\/250977\/revisions"}],"wp:featuredmedia":[{"embeddable":true,"href":"https:\/\/www.europesays.com\/de\/wp-json\/wp\/v2\/media\/250978"}],"wp:attachment":[{"href":"https:\/\/www.europesays.com\/de\/wp-json\/wp\/v2\/media?parent=250977"}],"wp:term":[{"taxonomy":"category","embeddable":true,"href":"https:\/\/www.europesays.com\/de\/wp-json\/wp\/v2\/categories?post=250977"},{"taxonomy":"post_tag","embeddable":true,"href":"https:\/\/www.europesays.com\/de\/wp-json\/wp\/v2\/tags?post=250977"}],"curies":[{"name":"wp","href":"https:\/\/api.w.org\/{rel}","templated":true}]}}