{"id":250980,"date":"2025-07-08T03:41:12","date_gmt":"2025-07-08T03:41:12","guid":{"rendered":"https:\/\/www.europesays.com\/de\/250980\/"},"modified":"2025-07-08T03:41:12","modified_gmt":"2025-07-08T03:41:12","slug":"tv-zensur-hinweise-fuer-den-08-07-2025-schnittberichte-com","status":"publish","type":"post","link":"https:\/\/www.europesays.com\/de\/250980\/","title":{"rendered":"TV-Zensur-Hinweise f\u00fcr den 08.07.2025 &#8211; Schnittberichte.com"},"content":{"rendered":"<ol>\n<li><a href=\"https:\/\/news.google.com\/rss\/articles\/CBMiXkFVX3lxTE55WE9BQUdqUFZrUWgxNXRUanRBOU1xMmZ4UE80S3E0SDRQcTQzZFVPczJjRjJRUWJGUXl4d2RndDhkbTY0QU5tbGxIVzVfY05ZbzF1dnFkd3VHT2FLcVE?oc=5\" target=\"_blank\" rel=\"nofollow noopener\">TV-Zensur-Hinweise f\u00fcr den 08.07.2025<\/a>&nbsp;&nbsp;Schnittberichte.com<\/li>\n<li><a href=\"https:\/\/news.google.com\/rss\/articles\/CBMiXkFVX3lxTE5HWG9LeERPQU9DQ3JpTV95dksxTGxzQUl0R2hFREplQlU4RlJDVFdLbDdaekhCcVY5MjFKVjFUTW9xdWpRWlpiVVRQLWxlZ1YxV1pzakpuajNIVHNmUVE?oc=5\" target=\"_blank\" rel=\"nofollow noopener\">TV-Zensur-Hinweise f\u00fcr den 07.07.2025<\/a>&nbsp;&nbsp;Schnittberichte.com<\/li>\n<li><a href=\"https:\/\/news.google.com\/rss\/articles\/CBMiXkFVX3lxTE9fMDk2YkRmaXl0cDNpdUxLb3JSdkNpQjNtcklUZjZOY0M3N3JBYjllRjl5M3IwTDlRVkZUaURKbU0wRVRma2FoR3cyeUwzMnhoRHNiMmlvOXZaOXgwUHc?oc=5\" target=\"_blank\" rel=\"nofollow noopener\">TV-Zensur-Hinweise f\u00fcr den 30.06.2025<\/a>&nbsp;&nbsp;Schnittberichte.com<\/li>\n<li><a href=\"https:\/\/news.google.com\/rss\/articles\/CBMiXkFVX3lxTE4xcWtLS0xobjB1Q2FaZVRSR2VGaUF4a1V2X2NSRXM0MFg5NWpzTl90QjItSXdWOGJ0dklRWHg5TlFQY1pqVERGODFxQ3ViTU1SeXRRWEt4T093LXhyRXc?oc=5\" target=\"_blank\" rel=\"nofollow noopener\">TV-Zensur-Hinweise f\u00fcr den 06.07.2025<\/a>&nbsp;&nbsp;Schnittberichte.com<\/li>\n<li><a href=\"https:\/\/news.google.com\/rss\/articles\/CBMiXkFVX3lxTE9FZHNRZDVVV0NwSjVxb1FaWmxCLUJ2RUN5NFdTaUM3LUVaVlZRcVpjRm1zcVItWk1EN0hBYlY4VGFzbld4NUo3T3ZmUldyMWMxVkMtZ0t2U1dFSFNyYmc?oc=5\" target=\"_blank\" rel=\"nofollow noopener\">TV-Zensur-Hinweise f\u00fcr den 03.07.2025<\/a>&nbsp;&nbsp;Schnittberichte.com<\/li>\n<\/ol>\n","protected":false},"excerpt":{"rendered":"TV-Zensur-Hinweise f\u00fcr den 08.07.2025&nbsp;&nbsp;Schnittberichte.com TV-Zensur-Hinweise f\u00fcr den 07.07.2025&nbsp;&nbsp;Schnittberichte.com TV-Zensur-Hinweise f\u00fcr den 30.06.2025&nbsp;&nbsp;Schnittberichte.com TV-Zensur-Hinweise f\u00fcr den 06.07.2025&nbsp;&nbsp;Schnittberichte.com TV-Zensur-Hinweise f\u00fcr&hellip;\n","protected":false},"author":2,"featured_media":1656,"comment_status":"","ping_status":"","sticky":false,"template":"","format":"standard","meta":{"footnotes":""},"categories":[1773],"tags":[29,214,30,471,1780,215],"class_list":{"0":"post-250980","1":"post","2":"type-post","3":"status-publish","4":"format-standard","5":"has-post-thumbnail","7":"category-serien","8":"tag-deutschland","9":"tag-entertainment","10":"tag-germany","11":"tag-serien","12":"tag-series","13":"tag-unterhaltung"},"share_on_mastodon":{"url":"https:\/\/pubeurope.com\/@de\/114815545152739568","error":""},"_links":{"self":[{"href":"https:\/\/www.europesays.com\/de\/wp-json\/wp\/v2\/posts\/250980","targetHints":{"allow":["GET"]}}],"collection":[{"href":"https:\/\/www.europesays.com\/de\/wp-json\/wp\/v2\/posts"}],"about":[{"href":"https:\/\/www.europesays.com\/de\/wp-json\/wp\/v2\/types\/post"}],"author":[{"embeddable":true,"href":"https:\/\/www.europesays.com\/de\/wp-json\/wp\/v2\/users\/2"}],"replies":[{"embeddable":true,"href":"https:\/\/www.europesays.com\/de\/wp-json\/wp\/v2\/comments?post=250980"}],"version-history":[{"count":0,"href":"https:\/\/www.europesays.com\/de\/wp-json\/wp\/v2\/posts\/250980\/revisions"}],"wp:featuredmedia":[{"embeddable":true,"href":"https:\/\/www.europesays.com\/de\/wp-json\/wp\/v2\/media\/1656"}],"wp:attachment":[{"href":"https:\/\/www.europesays.com\/de\/wp-json\/wp\/v2\/media?parent=250980"}],"wp:term":[{"taxonomy":"category","embeddable":true,"href":"https:\/\/www.europesays.com\/de\/wp-json\/wp\/v2\/categories?post=250980"},{"taxonomy":"post_tag","embeddable":true,"href":"https:\/\/www.europesays.com\/de\/wp-json\/wp\/v2\/tags?post=250980"}],"curies":[{"name":"wp","href":"https:\/\/api.w.org\/{rel}","templated":true}]}}