{"id":250986,"date":"2025-07-08T03:45:15","date_gmt":"2025-07-08T03:45:15","guid":{"rendered":"https:\/\/www.europesays.com\/de\/250986\/"},"modified":"2025-07-08T03:45:15","modified_gmt":"2025-07-08T03:45:15","slug":"tennislegende-becker-gibt-zverev-einen-rat","status":"publish","type":"post","link":"https:\/\/www.europesays.com\/de\/250986\/","title":{"rendered":"Tennislegende Becker gibt Zverev einen Rat"},"content":{"rendered":"<p>Kritik am Bruder <\/p>\n<p>Becker \u00fcber Zverev: &#8222;Mir kamen die Tr\u00e4nen&#8220;<\/p>\n<p>08.07.2025 &#8211; 00:14 UhrLesedauer: 2 Min.<\/p>\n<p><a href=\"#focus-0\" class=\"transition-colors duration-200 focus-within:text-magenta block text-current relative\" data-sctrack=\"FocusGalleryImage.Reference\"><img fetchpriority=\"high\" data-testid=\"Opener.Image\" style=\"--lqipURL:url('https:\/\/images.t-online.de\/2025\/07\/o686A4Annwpw\/0x331:4000x2250\/fit-in\/150x0\/filters:blur(25)\/offenbarte-nach-seinem-erstrunden-aus-in-wimbledon-mentale-probleme-alexander-zverev.jpg')\"   loading=\"eager\" src=\"https:\/\/www.europesays.com\/de\/wp-content\/uploads\/2025\/07\/offenbarte-nach-seinem-erstrunden-aus-in-wimbledon-mentale-probleme-alexander-zverev.jpg\" alt=\"Offenbarte nach seinem Erstrunden-Aus in Wimbledon mentale Probleme: Alexander Zverev.\" title=\"Offenbarte nach seinem Erstrunden-Aus in Wimbledon mentale Probleme: Alexander Zverev.\" width=\"4000\" height=\"2250\" class=\"bg-[url:var(--lqipURL)] bg-cover bg-center flex h-full w-full max-w-full\" decoding=\"async\"\/><img style=\"--width:32;--height:32\" loading=\"lazy\" src=\"https:\/\/www.t-online.de\/s\/paper\/_next\/static\/media\/zoom-in.f7dae02f.svg\" alt=\"Vergr\u00f6\u00dfern des Bildes\" title=\"Vergr\u00f6\u00dfern des Bildes\" class=\"block h-[calc(var(--height)_\/_16_*_1rem)] w-[calc(var(--width)_\/_16_*_1rem)] max-w-none absolute bottom-8 right-8 rounded-4 bg-snow p-8\" decoding=\"async\"\/><\/a><\/p>\n<p>Offenbarte nach seinem Erstrunden-Aus in Wimbledon mentale Probleme: Alexander Zverev. (Quelle: IMAGO\/Mark Greenwood)<\/p>\n<p class=\"font-bold text-18 leading-17\">Boris Becker reagiert emotional auf die Aussagen von Alexander Zverev \u00fcber eigene mentale Probleme. Die Tennis-Legende meldet sich bei der deutschen Nummer eins und gibt Ratschl\u00e4ge.<\/p>\n<p class=\"text-18 leading-17\">London (dpa) &#8211; <a class=\"transition-colors duration-200 cursor-pointer text-inherit no-underline text-salemsfur md:hover:text-magenta md:hover:border-magenta md:focus:text-magenta border-current border-b border-solid break-words\" href=\"https:\/\/www.t-online.de\/themen\/boris-becker\/\" data-sctrack=\"BodyAnchor\" target=\"_blank\" rel=\"noopener\">Boris Becker<\/a> hat gro\u00dfes Mitleid mit <a class=\"transition-colors duration-200 cursor-pointer text-inherit no-underline text-salemsfur md:hover:text-magenta md:hover:border-magenta md:focus:text-magenta border-current border-b border-solid break-words\" href=\"https:\/\/www.t-online.de\/themen\/alexander-zverev\/\" data-sctrack=\"BodyAnchor\" target=\"_blank\" rel=\"noopener\">Alexander Zverev<\/a> nach dessen Aussagen in <a class=\"transition-colors duration-200 cursor-pointer text-inherit no-underline text-salemsfur md:hover:text-magenta md:hover:border-magenta md:focus:text-magenta border-current border-b border-solid break-words\" href=\"https:\/\/www.t-online.de\/themen\/wimbledon\/\" data-sctrack=\"BodyAnchor\" target=\"_blank\" rel=\"noopener\">Wimbledon<\/a> \u00fcber eigene mentale Aussagen ge\u00e4u\u00dfert und den derzeit besten deutschen Tennisspieler kontaktiert. &#8222;Ich habe die Pressekonferenz gesehen und mir kamen die Tr\u00e4nen. Da hat sich ein Mensch ge\u00f6ffnet und gesagt, ich habe Probleme, ich habe mentale Probleme, helft mir&#8220;, sagte Becker im Podcast mit Andrea Petkovi\u0107.<\/p>\n<p class=\"text-18 leading-17\">&#8222;Ich fand es unglaublich traurig. Ich habe mich nat\u00fcrlich sofort bei ihm gemeldet und geguckt, ob alles so weit okay ist&#8220;, sagte der 57-J\u00e4hrige. Zverev habe ihm &#8222;Daumen hoch&#8220; geschickt.<\/p>\n<p class=\"text-18 leading-17\">Zverev hatte nach seinem Erstrunden-Aus beim Rasen-Klassiker berichtet, dass er sich mental in einem Loch befinde und es schwierig f\u00fcr ihn sei, au\u00dferhalb des Tennisplatzes Freude zu finden. M\u00f6glicherweise brauche er erstmals in seinem Leben eine Therapie.<\/p>\n<p class=\"text-18 leading-17\">Becker sprach mit Sorge \u00fcber seinen &#8222;sportlichen Ziehsohn&#8220;. Zverev habe ein paar Tage seine Seele baumeln lassen, berichtete der dreimalige Wimbledonsieger. &#8222;Er ist so weit in Ordnung.&#8220;<\/p>\n<p class=\"text-18 leading-17\">Zverev hatte angek\u00fcndigt, dass sich etwas in ihm \u00e4ndern m\u00fcsse, was nicht notwendigerweise etwas mit Tennis zu tun habe. Er werde ein paar Wochen frei machen und hoffe, beim Masters-1000-Turnier im kanadischen <a class=\"transition-colors duration-200 cursor-pointer text-inherit no-underline text-salemsfur md:hover:text-magenta md:hover:border-magenta md:focus:text-magenta border-current border-b border-solid break-words\" href=\"https:\/\/www.t-online.de\/themen\/toronto\/\" data-sctrack=\"BodyAnchor\" target=\"_blank\" rel=\"noopener\">Toronto<\/a> Ende Juli weitere Antworten geben zu k\u00f6nnen, was er unternehmen werde. Aktuell steht der Olympiasieger noch auf der Meldeliste f\u00fcr das Sandplatzturnier in Gstaad, das im Anschluss an Wimbledon Mitte Juli stattfindet.<\/p>\n<p class=\"text-18 leading-17\">&#8222;Mein Ratschlag w\u00e4re: Bitte, bitte, bitte, spiel kein Gstaad&#8220;, sagte Becker. &#8222;Nimm deine Partnerin Sophia, geh&#8216;, du hast viel Geld. Miete dir ein Boot, fahr in die \u00c4g\u00e4is, mach Inselhopping, aber bitte komm wieder menschlich zu dir, damit du wieder die Kraft hast auf dem Tennisplatz erfolgreich zu spielen. Tennis muss jetzt sekund\u00e4r sein.&#8220;<\/p>\n<p class=\"text-18 leading-17\">Becker kritisierte zudem Zverevs Bruder und Manager Mischa. Dieser habe als TV-Experte eine &#8222;komische Rolle&#8220; eingenommen und &#8222;fast empathielos&#8220; gesprochen. <a class=\"transition-colors duration-200 cursor-pointer text-inherit no-underline text-salemsfur md:hover:text-magenta md:hover:border-magenta md:focus:text-magenta border-current border-b border-solid break-words\" href=\"https:\/\/www.t-online.de\/themen\/mischa-zverev\/\" data-sctrack=\"BodyAnchor\" target=\"_blank\" rel=\"noopener\">Mischa Zverev<\/a> hatte gesagt, dass nach ein paar Tagen Pause diese Woche wieder Training anstehe.<\/p>\n<p class=\"text-18 leading-17\">Becker hatte Zverev zuletzt nach dessen Aus im Viertelfinale der <a class=\"transition-colors duration-200 cursor-pointer text-inherit no-underline text-salemsfur md:hover:text-magenta md:hover:border-magenta md:focus:text-magenta border-current border-b border-solid break-words\" href=\"https:\/\/www.t-online.de\/themen\/french-open\/\" data-sctrack=\"BodyAnchor\" target=\"_blank\" rel=\"noopener\">French Open<\/a> gegen den serbischen Topstar <a class=\"transition-colors duration-200 cursor-pointer text-inherit no-underline text-salemsfur md:hover:text-magenta md:hover:border-magenta md:focus:text-magenta border-current border-b border-solid break-words\" href=\"https:\/\/www.t-online.de\/themen\/novak-djokovic\/\" data-sctrack=\"BodyAnchor\" target=\"_blank\" rel=\"noopener\">Novak Djokovic<\/a> dazu geraten, sich von seinem Vater als Trainer und dem gewohnten Umfeld zu trennen. Zverev hatte darauf beim Rasenturnier in Stuttgart deutlich gekontert.<\/p>\n","protected":false},"excerpt":{"rendered":"Kritik am Bruder Becker \u00fcber Zverev: &#8222;Mir kamen die Tr\u00e4nen&#8220; 08.07.2025 &#8211; 00:14 UhrLesedauer: 2 Min. Offenbarte nach&hellip;\n","protected":false},"author":2,"featured_media":250987,"comment_status":"","ping_status":"","sticky":false,"template":"","format":"standard","meta":{"footnotes":""},"categories":[136],"tags":[1217,10329,67421,5790,29,30,50684,4036,14701,265,59644],"class_list":{"0":"post-250986","1":"post","2":"type-post","3":"status-publish","4":"format-standard","5":"has-post-thumbnail","7":"category-sport","8":"tag-1217","9":"tag-alexander-zverev","10":"tag-andrea-petkovic","11":"tag-boris-becker","12":"tag-deutschland","13":"tag-germany","14":"tag-gstaad","15":"tag-london","16":"tag-rasen","17":"tag-sport","18":"tag-wimbledon"},"share_on_mastodon":{"url":"https:\/\/pubeurope.com\/@de\/114815561016021596","error":""},"_links":{"self":[{"href":"https:\/\/www.europesays.com\/de\/wp-json\/wp\/v2\/posts\/250986","targetHints":{"allow":["GET"]}}],"collection":[{"href":"https:\/\/www.europesays.com\/de\/wp-json\/wp\/v2\/posts"}],"about":[{"href":"https:\/\/www.europesays.com\/de\/wp-json\/wp\/v2\/types\/post"}],"author":[{"embeddable":true,"href":"https:\/\/www.europesays.com\/de\/wp-json\/wp\/v2\/users\/2"}],"replies":[{"embeddable":true,"href":"https:\/\/www.europesays.com\/de\/wp-json\/wp\/v2\/comments?post=250986"}],"version-history":[{"count":0,"href":"https:\/\/www.europesays.com\/de\/wp-json\/wp\/v2\/posts\/250986\/revisions"}],"wp:featuredmedia":[{"embeddable":true,"href":"https:\/\/www.europesays.com\/de\/wp-json\/wp\/v2\/media\/250987"}],"wp:attachment":[{"href":"https:\/\/www.europesays.com\/de\/wp-json\/wp\/v2\/media?parent=250986"}],"wp:term":[{"taxonomy":"category","embeddable":true,"href":"https:\/\/www.europesays.com\/de\/wp-json\/wp\/v2\/categories?post=250986"},{"taxonomy":"post_tag","embeddable":true,"href":"https:\/\/www.europesays.com\/de\/wp-json\/wp\/v2\/tags?post=250986"}],"curies":[{"name":"wp","href":"https:\/\/api.w.org\/{rel}","templated":true}]}}