{"id":250988,"date":"2025-07-08T03:46:12","date_gmt":"2025-07-08T03:46:12","guid":{"rendered":"https:\/\/www.europesays.com\/de\/250988\/"},"modified":"2025-07-08T03:46:12","modified_gmt":"2025-07-08T03:46:12","slug":"tatort-star-jasna-fritzi-bauer-bestaetigt-liebes-aus","status":"publish","type":"post","link":"https:\/\/www.europesays.com\/de\/250988\/","title":{"rendered":"&#8222;Tatort&#8220;-Star Jasna Fritzi Bauer best\u00e4tigt Liebes-Aus"},"content":{"rendered":"<p>Trennung von ihrer Partnerin <\/p>\n<p>Schauspielerin Jasna Fritzi Bauer best\u00e4tigt Liebes-Aus<\/p>\n<p>Aktualisiert am 08.07.2025 &#8211; 05:07 UhrLesedauer: 2 Min.<\/p>\n<p><a href=\"#focus-0\" class=\"transition-colors duration-200 focus-within:text-magenta block text-current relative\" data-sctrack=\"FocusGalleryImage.Reference\"><img fetchpriority=\"high\" data-testid=\"Opener.Image\" style=\"--lqipURL:url('https:\/\/images.t-online.de\/2025\/07\/lHXt7PANxXPi\/0x185:3543x1993\/fit-in\/150x0\/filters:blur(25)\/jasna-fritzi-bauer-und-katharina-zorn-im-bild-jasna-fritzi-bauer-rechts-und-katharina-zorn-links-deu-bremen-radio-bremen-3nach9-live-aufzeichnung-vom-23-052025-jasna-fritzi-bauer-and-katharina-zorn-in-the-picture-jasna-fritzi-bauer-on-the-right-and-katharina-zorn-on-the-left-deu-bremen-radio-bremen-3nach9-live-recording-from-23-05-2025.jpg')\"   loading=\"eager\" src=\"https:\/\/www.europesays.com\/de\/wp-content\/uploads\/2025\/07\/jasna-fritzi-bauer-und-katharina-zorn-im-bild-jasna-fritzi-bauer-rechts-und-katharina-zorn-links-deu.jpeg\" alt=\"imago images 0820629948\" title=\"imago images 0820629948\" width=\"3543\" height=\"1993\" class=\"bg-[url:var(--lqipURL)] bg-cover bg-center flex h-full w-full max-w-full\" decoding=\"async\"\/><img style=\"--width:32;--height:32\" loading=\"lazy\" src=\"https:\/\/www.t-online.de\/s\/paper\/_next\/static\/media\/zoom-in.f7dae02f.svg\" alt=\"Vergr\u00f6\u00dfern des Bildes\" title=\"Vergr\u00f6\u00dfern des Bildes\" class=\"block h-[calc(var(--height)_\/_16_*_1rem)] w-[calc(var(--width)_\/_16_*_1rem)] max-w-none absolute bottom-8 right-8 rounded-4 bg-snow p-8\" decoding=\"async\"\/><\/a><\/p>\n<p>Jasna Fritzi Bauer (r.) und Katharina Zorn: Die beiden haben sich getrennt. (Quelle: IMAGO\/STEFAN_SCHMIDBAUER\/imago)<\/p>\n<p class=\"font-bold text-18 leading-17\">Jasna Fritzi Bauer verk\u00fcndet das Ende ihrer Beziehung mit der K\u00fcnstlerin Katharina Zorn. Die beiden hatten erst k\u00fcrzlich einen gemeinsamen Roman ver\u00f6ffentlicht.<\/p>\n<p class=\"text-18 leading-17\"><a class=\"transition-colors duration-200 cursor-pointer text-inherit no-underline text-salemsfur md:hover:text-magenta md:hover:border-magenta md:focus:text-magenta border-current border-b border-solid break-words\" href=\"https:\/\/www.t-online.de\/themen\/jasna-fritzi-bauer\/\" data-sctrack=\"BodyAnchor\" target=\"_blank\" rel=\"noopener\">Jasna Fritzi Bauer<\/a> und ihre Lebensgef\u00e4hrtin Katharina Zorn haben sich getrennt. Das teilte die 36-j\u00e4hrige Schauspielerin in einer Instagram-Story mit. Bauer schrieb darin eine kurze Stellungnahme an ihre Fans. &#8222;Ich m\u00f6chte euch mitteilen, dass Katharina und ich in Zukunft getrennte Wege gehen&#8220;, hei\u00dft es in ihrem Beitrag. &#8222;Wir bitten euch darum, unsere Privatsph\u00e4ren zu respektieren.&#8220;<\/p>\n<p class=\"text-18 leading-17\">Bauer spielt seit 2021 die Rolle der Kommissarin Liv Moormann im &#8222;Tatort&#8220;. In einem Doppelinterview mit &#8222;Vogue&#8220; im Juni 2024 machte sie ihre Beziehung zu der K\u00fcnstlerin Zorn erstmals \u00f6ffentlich und posierte mit deren sechsj\u00e4hriger Tochter Zoe im gemeinsamen Haus auf <a class=\"transition-colors duration-200 cursor-pointer text-inherit no-underline text-salemsfur md:hover:text-magenta md:hover:border-magenta md:focus:text-magenta border-current border-b border-solid break-words\" href=\"https:\/\/www.t-online.de\/themen\/mallorca\/\" data-sctrack=\"BodyAnchor\" target=\"_blank\" rel=\"noopener\">Mallorca<\/a>. Damals waren die beiden schon f\u00fcnf Jahre lang ein Paar.<\/p>\n<p class=\"text-18 leading-17\">Bauer erkl\u00e4rte in dem gemeinsamen Interview, es sei Zeit, mit ihrer Partnerin an die \u00d6ffentlichkeit zu gehen. &#8222;Wir glauben, dass es jetzt an der Zeit ist, dass wir nach vorne gehen und ein Zeichen setzen&#8220;, sagte sie. &#8222;Wir sehen diesen Rechtsruck in der Gesellschaft, diese aufgeheizte Stimmung.&#8220; Unter anderem, da es f\u00fcr einige Menschen noch immer etwas Ungew\u00f6hnliches sei, wenn zwei Frauen gemeinsam ein Kind gro\u00dfziehen.<\/p>\n<p class=\"text-18 leading-17\">&#8222;Ich sage \u00fcber mich, ich bin fertig&#8220;, erkl\u00e4rte sie knapp. Sie habe bereits M\u00e4nner und Frauen geliebt. &#8222;Ich hatte das Gef\u00fchl, ich muss mich entscheiden und die Leute wollen mir einen Stempel aufdr\u00fccken, aber ich will keinen Stempel&#8220;, so Bauer. Zorn brachte ihre Tochter Zoe mit in die Beziehung, die damals noch ein Baby war. Zoes Papa sei noch pr\u00e4sent. &#8222;Wir sind eine Familie, zwei M\u00fctter&#8220;, sagte Zorn.<\/p>\n<p class=\"text-18 leading-17\">Zorn hat sich bislang nicht \u00f6ffentlich zu der Trennung ge\u00e4u\u00dfert. Erst im Mai dieses Jahres hatte das Paar seinen gemeinsamen Deb\u00fctroman &#8222;Else&#8220; ver\u00f6ffentlicht.<\/p>\n","protected":false},"excerpt":{"rendered":"Trennung von ihrer Partnerin Schauspielerin Jasna Fritzi Bauer best\u00e4tigt Liebes-Aus Aktualisiert am 08.07.2025 &#8211; 05:07 UhrLesedauer: 2 Min.&hellip;\n","protected":false},"author":2,"featured_media":250989,"comment_status":"","ping_status":"","sticky":false,"template":"","format":"standard","meta":{"footnotes":""},"categories":[155],"tags":[1217,522,29,214,30,152,34270,64032,34269,474,215],"class_list":{"0":"post-250988","1":"post","2":"type-post","3":"status-publish","4":"format-standard","5":"has-post-thumbnail","7":"category-unterhaltung","8":"tag-1217","9":"tag-522","10":"tag-deutschland","11":"tag-entertainment","12":"tag-germany","13":"tag-instagram","14":"tag-jasna-fritzi-bauer","15":"tag-katharina-zorn","16":"tag-liv-moormann","17":"tag-mallorca","18":"tag-unterhaltung"},"share_on_mastodon":{"url":"https:\/\/pubeurope.com\/@de\/114815564812329421","error":""},"_links":{"self":[{"href":"https:\/\/www.europesays.com\/de\/wp-json\/wp\/v2\/posts\/250988","targetHints":{"allow":["GET"]}}],"collection":[{"href":"https:\/\/www.europesays.com\/de\/wp-json\/wp\/v2\/posts"}],"about":[{"href":"https:\/\/www.europesays.com\/de\/wp-json\/wp\/v2\/types\/post"}],"author":[{"embeddable":true,"href":"https:\/\/www.europesays.com\/de\/wp-json\/wp\/v2\/users\/2"}],"replies":[{"embeddable":true,"href":"https:\/\/www.europesays.com\/de\/wp-json\/wp\/v2\/comments?post=250988"}],"version-history":[{"count":0,"href":"https:\/\/www.europesays.com\/de\/wp-json\/wp\/v2\/posts\/250988\/revisions"}],"wp:featuredmedia":[{"embeddable":true,"href":"https:\/\/www.europesays.com\/de\/wp-json\/wp\/v2\/media\/250989"}],"wp:attachment":[{"href":"https:\/\/www.europesays.com\/de\/wp-json\/wp\/v2\/media?parent=250988"}],"wp:term":[{"taxonomy":"category","embeddable":true,"href":"https:\/\/www.europesays.com\/de\/wp-json\/wp\/v2\/categories?post=250988"},{"taxonomy":"post_tag","embeddable":true,"href":"https:\/\/www.europesays.com\/de\/wp-json\/wp\/v2\/tags?post=250988"}],"curies":[{"name":"wp","href":"https:\/\/api.w.org\/{rel}","templated":true}]}}