{"id":250994,"date":"2025-07-08T03:49:12","date_gmt":"2025-07-08T03:49:12","guid":{"rendered":"https:\/\/www.europesays.com\/de\/250994\/"},"modified":"2025-07-08T03:49:12","modified_gmt":"2025-07-08T03:49:12","slug":"netanjahu-schlaegt-trump-fuer-friedensnobelpreis-vor-politik","status":"publish","type":"post","link":"https:\/\/www.europesays.com\/de\/250994\/","title":{"rendered":"Netanjahu schl\u00e4gt Trump f\u00fcr Friedensnobelpreis vor | Politik"},"content":{"rendered":"<p>Washington \u2013 <b>Israels Ministerpr\u00e4sident Benjamin Netanjahu (75) ist der Meinung, dass US-Pr\u00e4sident Donald Trump (79) den Friedensnobelpreis bekommen sollte. Jetzt schlug er ihn offiziell daf\u00fcr vor. <\/b><\/p>\n<p>Zu Beginn eines gemeinsamen Abendessens im Wei\u00dfen Haus lobte er am Montagabend (Ortszeit) in Anwesenheit von Journalisten <a href=\"https:\/\/www.bild.de\/politik\/leute\/donald-trump\/thema-donald-trump-alle-infos-80018378.bild.html\" class=\"text-link\" rel=\"nofollow noopener\" target=\"_blank\">Trumps<\/a> \u201eStreben nach Frieden und Sicherheit, das Sie in vielen L\u00e4ndern, aber jetzt insbesondere im Nahen Osten, anf\u00fchren\u201c. Trump schmiede \u201ein diesem Moment Frieden, in einem Land, in einer Region nach der anderen\u201c. Dann reichte <a href=\"https:\/\/www.bild.de\/themen\/personen\/benjamin-netanjahu\/politiker-personen-news-fotos-videos-20875402.bild.html\" class=\"text-link\" rel=\"nofollow noopener\" target=\"_blank\">Netanjahu<\/a> Trump einen Brief, den er an das Nobelpreiskomitee geschickt habe, um den US-Pr\u00e4sidenten f\u00fcr den Friedenspreis zu nominieren.<\/p>\n<p><img decoding=\"async\" width=\"992\" height=\"558\" alt=\"Netanjahu (r) \u00fcberreicht Trump einen Brief, den er an das Nobelpreiskomitee schrieb\" src=\"https:\/\/www.europesays.com\/de\/wp-content\/uploads\/2025\/07\/3bcb7c10b969097a1da19cae3320a43e,f57cf7e7\"   class=\"landscape\" loading=\"lazy\"\/><\/p>\n<p class=\"fig__caption__text\">Netanjahu (r) \u00fcberreicht Trump einen Brief, den er an das Nobelpreiskomitee schrieb<\/p>\n<p>Foto: Alex Brandon\/AP\/dpa<\/p>\n<p>\u201eSie haben ihn verdient, und Sie sollten ihn bekommen\u201c, so Netanjahu direkt zu Trump. Der US-Pr\u00e4sident reagierte sichtlich bewegt: \u201eWow\u201c, sagte er. \u201eGerade von Ihnen ist das sehr bedeutungsvoll.\u201c Die USA gelten als engster Verb\u00fcndeter Israels. <\/p>\n<p>Trump: Hamas will Waffenruhe in Gaza<\/p>\n<p>Ebenfalls zu Beginn des gemeinsamen Abendessens der Regierungschefs, sagte Trump, er sei zuversichtlich, dass die <a href=\"https:\/\/www.bild.de\/themen\/organisationen\/hamas\/politik-nachrichten-news-fotos-videos-20560984.bild.html\" class=\"text-link\" rel=\"nofollow noopener\" target=\"_blank\">Hamas<\/a> einer Waffenruhe in Gaza zustimmen wird: \u201eSie wollen sich treffen und sie wollen diese Waffenruhe.\u201c <\/p>\n<p>Zum aktuellen Stand der indirekten Gespr\u00e4che \u00fcber eine Waffenruhe und die Freilassung von Geiseln sagte der ebenfalls beim Abendessen anwesende US-Sonderbeauftragte f\u00fcr den Nahen Osten, Steve Witkoff, es gebe die Gelegenheit, eine Einigung schnell zu erzielen. Er wird nach Angaben des Wei\u00dfen Hauses diese Woche in die katarische Hauptstadt Doha reisen, um an den Vermittlungsgespr\u00e4chen teilzunehmen. <\/p>\n<p>Lesen Sie auch\u201eWenn sie gehen wollen, sollten sie gehen k\u00f6nnen\u201c<\/p>\n<p>Trump und Netanyahu haben auch \u00fcber die Lage der Menschen im Gazastreifen gesprochen. Auf die Frage nach Pl\u00e4nen zur Umsiedlung von Pal\u00e4stinensern sagte Trump, es gebe eine gute Zusammenarbeit mit Nachbarl\u00e4ndern Israels. Genauer wurde er nicht.<\/p>\n<p>Netanyahu wiederum erkl\u00e4rte: \u201eWenn die Menschen bleiben wollen, k\u00f6nnen sie bleiben. Aber wenn sie gehen wollen, sollten sie gehen k\u00f6nnen.\u201c Man arbeite sehr eng mit den USA zusammen, \u201eum L\u00e4nder zu finden, die umsetzen wollen, was sie immer sagen: dass sie den Pal\u00e4stinensern eine bessere Zukunft geben wollen\u201c, sagte Netanyahu. \u201eIch glaube, wir stehen kurz davor, mehrere L\u00e4nder zu finden.\u201c N\u00e4here Details nannte er nicht.<\/p>\n<p>\u201eWir werden noch weitere Waffen schicken\u201c<\/p>\n<p>Trump wurde auch gefragt, ob er vorhat, trotz eines j\u00fcngst bekannt gewordenen teilweisen Lieferstopps weitere Waffen in die Ukraine zu liefern. Daraufhin der Pr\u00e4sident: \u201eWir werden noch weitere Waffen schicken. Wir m\u00fcssen, sie m\u00fcssen in der Lage sein, sich zu verteidigen. Sie werden sehr schwer getroffen.\u201c Vorrangig solle es sich dabei um Verteidigungswaffen handeln. Erst vergangenen Dienstag war bekannt geworden, dass die USA die Lieferung einiger bereits zugesagter Waffen \u2013 darunter auch Flugabwehrraketen \u2013 an die Ukraine gestoppt haben.<\/p>\n","protected":false},"excerpt":{"rendered":"Washington \u2013 Israels Ministerpr\u00e4sident Benjamin Netanjahu (75) ist der Meinung, dass US-Pr\u00e4sident Donald Trump (79) den Friedensnobelpreis bekommen&hellip;\n","protected":false},"author":2,"featured_media":250995,"comment_status":"","ping_status":"","sticky":false,"template":"","format":"standard","meta":{"footnotes":""},"categories":[3],"tags":[739,2547,410,13,411,14,19462,19741,15,15928,12,45,10,8,9,11,1017,103,104],"class_list":{"0":"post-250994","1":"post","2":"type-post","3":"status-publish","4":"format-standard","5":"has-post-thumbnail","7":"category-welt","8":"tag-gaza","9":"tag-gaza-streifen","10":"tag-hamas","11":"tag-headlines","12":"tag-israel","13":"tag-nachrichten","14":"tag-nahost-konflikt","15":"tag-netanjahu-benjamin","16":"tag-news","17":"tag-praesident-usa","18":"tag-schlagzeilen","19":"tag-texttospeech","20":"tag-top-news","21":"tag-top-meldungen","22":"tag-topmeldungen","23":"tag-topnews","24":"tag-trump-donald","25":"tag-welt","26":"tag-world"},"share_on_mastodon":{"url":"https:\/\/pubeurope.com\/@de\/114815576693732863","error":""},"_links":{"self":[{"href":"https:\/\/www.europesays.com\/de\/wp-json\/wp\/v2\/posts\/250994","targetHints":{"allow":["GET"]}}],"collection":[{"href":"https:\/\/www.europesays.com\/de\/wp-json\/wp\/v2\/posts"}],"about":[{"href":"https:\/\/www.europesays.com\/de\/wp-json\/wp\/v2\/types\/post"}],"author":[{"embeddable":true,"href":"https:\/\/www.europesays.com\/de\/wp-json\/wp\/v2\/users\/2"}],"replies":[{"embeddable":true,"href":"https:\/\/www.europesays.com\/de\/wp-json\/wp\/v2\/comments?post=250994"}],"version-history":[{"count":0,"href":"https:\/\/www.europesays.com\/de\/wp-json\/wp\/v2\/posts\/250994\/revisions"}],"wp:featuredmedia":[{"embeddable":true,"href":"https:\/\/www.europesays.com\/de\/wp-json\/wp\/v2\/media\/250995"}],"wp:attachment":[{"href":"https:\/\/www.europesays.com\/de\/wp-json\/wp\/v2\/media?parent=250994"}],"wp:term":[{"taxonomy":"category","embeddable":true,"href":"https:\/\/www.europesays.com\/de\/wp-json\/wp\/v2\/categories?post=250994"},{"taxonomy":"post_tag","embeddable":true,"href":"https:\/\/www.europesays.com\/de\/wp-json\/wp\/v2\/tags?post=250994"}],"curies":[{"name":"wp","href":"https:\/\/api.w.org\/{rel}","templated":true}]}}