{"id":250998,"date":"2025-07-08T03:51:10","date_gmt":"2025-07-08T03:51:10","guid":{"rendered":"https:\/\/www.europesays.com\/de\/250998\/"},"modified":"2025-07-08T03:51:10","modified_gmt":"2025-07-08T03:51:10","slug":"netanjahu-und-trump-sprechen-ueber-palaestinenser-umsiedlung","status":"publish","type":"post","link":"https:\/\/www.europesays.com\/de\/250998\/","title":{"rendered":"Netanjahu und Trump sprechen \u00fcber Pal\u00e4stinenser-Umsiedlung"},"content":{"rendered":"<p class=\"metatextline\">Stand: 08.07.2025 04:08 Uhr<\/p>\n<p class=\"textabsatz columns twelve  m-ten  m-offset-one l-eight l-offset-two\">\n        <strong>US-Pr\u00e4sident Trump und Israels Ministerpr\u00e4sident Netanjahu haben im Wei\u00dfen Haus erneut eine Umsiedlung von Pal\u00e4stinensern aus dem Gazastreifen aufgegriffen. F\u00fcr eine Waffenruhe mit der Hamas gab sich Trump zuversichtlich. <\/strong>\n    <\/p>\n<p class=\"textabsatz m-ten m-offset-one l-eight l-offset-two columns twelve\">\nUS-Pr\u00e4sident Donald Trump und der israelische Ministerpr\u00e4sident Benjamin Netanjahu haben bei einem Abendessen im Wei\u00dfen Haus \u00fcber den Krieg im Gazastreifen gesprochen. Auch eine Umsiedlung von Pal\u00e4stinensern aus dem Gazastreifen war erneut Thema.<\/p>\n<p class=\"textabsatz m-ten m-offset-one l-eight l-offset-two columns twelve\">\n&#8222;Wenn die Menschen bleiben wollen, k\u00f6nnen sie bleiben. Aber wenn sie gehen wollen, sollten sie gehen k\u00f6nnen&#8220;, sagte Netanjahu bei einem gemeinsamen Auftritt vor Journalisten. Israel arbeite mit den USA zusammen, um L\u00e4nder zu finden, die &#8222;den Pal\u00e4stinensern eine bessere Zukunft geben wollen&#8220;, f\u00fchrte er aus. Auch Trump best\u00e4tigte, dass es eine gute Zusammenarbeit mit den Nachbarl\u00e4ndern Israels gebe.<\/p>\n<p class=\"textabsatz m-ten m-offset-one l-eight l-offset-two columns twelve\">\nExperten sagen, dass ein solcher <a href=\"https:\/\/www.tagesschau.de\/ausland\/asien\/gazastreifen-trump-forderungen-einordnung-100.html\" title=\"Keine Rechtsgrundlage f\u00fcr etwaige Umsiedlung aus Gazastreifen\" target=\"_blank\" rel=\"noopener\">Schritt\u00a0gegen das V\u00f6lkerrecht versto\u00dfen<\/a> w\u00fcrde. Die Vereinten Nationen warnten vor einer &#8222;ethnischen S\u00e4uberung&#8220;.\u00a0<a href=\"https:\/\/www.tagesschau.de\/ausland\/asien\/gazastreifen-palaestinenser-trump-umsiedlung-100.html\" title=\"Was bedeutet Trumps Vorschlag f\u00fcr den Gazastreifen?\" target=\"_blank\" rel=\"noopener\">Trumps \u00dcbernahme- und Umsiedlungspl\u00e4ne<\/a>, die bereits bei einem fr\u00fcheren Treffen mit Netanjahu aufkamen, waren international, aber auch in den USA selbst scharf kritisiert worden.<\/p>\n<p>    Witkoff wird zu Hamas-Gespr\u00e4chen nach Doha reisen<\/p>\n<p class=\"textabsatz m-ten m-offset-one l-eight l-offset-two columns twelve\">\nF\u00fcr eine Waffenruhe mit der Hamas zeigte sich der US-Pr\u00e4sident beim Treffen mit Netanjahu optimistisch: &#8222;Sie wollen sich treffen und sie wollen diese Waffenruhe&#8220;, sagte Trump.<\/p>\n<p class=\"textabsatz m-ten m-offset-one l-eight l-offset-two columns twelve\">\nZum aktuellen Stand der indirekten Gespr\u00e4che \u00fcber eine Waffenruhe und die Freilassung von Geiseln sagte der beim Abendessen anwesende US-Sonderbeauftragte f\u00fcr den Nahen Osten, Steve Witkoff, es gebe die Gelegenheit, eine Einigung schnell zu erzielen. Er wird nach Angaben des Wei\u00dfen Hauses diese Woche in die katarische Hauptstadt Doha reisen, um an den Vermittlungsgespr\u00e4chen teilzunehmen.<\/p>\n<p class=\"textabsatz m-ten m-offset-one l-eight l-offset-two columns twelve\">\nTrumps Sprecherin Karoline Leavitt erkl\u00e4rte, die h\u00f6chste Priorit\u00e4t des Pr\u00e4sidenten im Nahen Osten sei es, &#8222;den Krieg im Gazastreifen zu beenden und alle Geiseln zur\u00fcckzubringen&#8220;.<\/p>\n<p>    Netanjahu schl\u00e4gt Trump f\u00fcr Friedensnobelpreis vor<\/p>\n<p class=\"textabsatz m-ten m-offset-one l-eight l-offset-two columns twelve\">\nIsraels Regierungschef \u00fcberreichte dem US-Pr\u00e4sidenten bei dem Treffen au\u00dferdem ein Schreiben, welches seinen Angaben zufolge auch das Komitee des Friedensnobelpreises erreicht hat. Darin schl\u00e4gt er Trump f\u00fcr den Preis vor &#8211; f\u00fcr das &#8222;Streben nach Frieden und Sicherheit, das Sie in vielen L\u00e4ndern, aber jetzt insbesondere im Nahen Osten, anf\u00fchren.&#8220;<\/p>\n<p class=\"textabsatz m-ten m-offset-one l-eight l-offset-two columns twelve\">\n&#8222;Sie haben ihn verdient, und Sie sollten ihn bekommen&#8220;, sagte der Netanjahu. &#8222;Wow&#8220;, erwiderte Trump. &#8222;Gerade von Ihnen ist das sehr bedeutungsvoll.&#8220;<\/p>\n<p>    Trump stellt Ende der Iran-Sanktionen in Aussicht<\/p>\n<p class=\"textabsatz m-ten m-offset-one l-eight l-offset-two columns twelve\">\nNicht nur der Gazastreifen, sondern auch die gesamte Lage im Nahen Osten war Thema des Treffens. Trump k\u00fcndigte direkte Gespr\u00e4che seiner Regierung mit dem Iran an. Witkoff zufolge sollen diese m\u00f6glicherweise in der kommenden Woche stattfinden. Trump stellte in Aussicht, die Sanktionen gegen den Iran zu einem sp\u00e4teren Zeitpunkt aufzuheben.<\/p>\n<p class=\"textabsatz m-ten m-offset-one l-eight l-offset-two columns twelve\">\nNach den US-Angriffen auf iranische Atomanlagen Ende Juni und der k\u00fcrzlich von den USA\u00a0vermittelten Waffenruhe zwischen dem Iran und Israel hatte der iranische Au\u00dfenminister Abbas Araghtschi signalisiert, dass Teheran weiterhin bereit sei, die Verhandlungen mit den Vereinigten Staaten fortzusetzen.<\/p>\n","protected":false},"excerpt":{"rendered":"Stand: 08.07.2025 04:08 Uhr US-Pr\u00e4sident Trump und Israels Ministerpr\u00e4sident Netanjahu haben im Wei\u00dfen Haus erneut eine Umsiedlung von&hellip;\n","protected":false},"author":2,"featured_media":250999,"comment_status":"","ping_status":"","sticky":false,"template":"","format":"standard","meta":{"footnotes":""},"categories":[5],"tags":[13,14,6000,975,15,12,10,8,9,11,113],"class_list":{"0":"post-250998","1":"post","2":"type-post","3":"status-publish","4":"format-standard","5":"has-post-thumbnail","7":"category-nachrichten","8":"tag-headlines","9":"tag-nachrichten","10":"tag-nahost","11":"tag-netanjahu","12":"tag-news","13":"tag-schlagzeilen","14":"tag-top-news","15":"tag-top-meldungen","16":"tag-topmeldungen","17":"tag-topnews","18":"tag-trump"},"share_on_mastodon":{"url":"https:\/\/pubeurope.com\/@de\/114815584588107282","error":""},"_links":{"self":[{"href":"https:\/\/www.europesays.com\/de\/wp-json\/wp\/v2\/posts\/250998","targetHints":{"allow":["GET"]}}],"collection":[{"href":"https:\/\/www.europesays.com\/de\/wp-json\/wp\/v2\/posts"}],"about":[{"href":"https:\/\/www.europesays.com\/de\/wp-json\/wp\/v2\/types\/post"}],"author":[{"embeddable":true,"href":"https:\/\/www.europesays.com\/de\/wp-json\/wp\/v2\/users\/2"}],"replies":[{"embeddable":true,"href":"https:\/\/www.europesays.com\/de\/wp-json\/wp\/v2\/comments?post=250998"}],"version-history":[{"count":0,"href":"https:\/\/www.europesays.com\/de\/wp-json\/wp\/v2\/posts\/250998\/revisions"}],"wp:featuredmedia":[{"embeddable":true,"href":"https:\/\/www.europesays.com\/de\/wp-json\/wp\/v2\/media\/250999"}],"wp:attachment":[{"href":"https:\/\/www.europesays.com\/de\/wp-json\/wp\/v2\/media?parent=250998"}],"wp:term":[{"taxonomy":"category","embeddable":true,"href":"https:\/\/www.europesays.com\/de\/wp-json\/wp\/v2\/categories?post=250998"},{"taxonomy":"post_tag","embeddable":true,"href":"https:\/\/www.europesays.com\/de\/wp-json\/wp\/v2\/tags?post=250998"}],"curies":[{"name":"wp","href":"https:\/\/api.w.org\/{rel}","templated":true}]}}