{"id":251120,"date":"2025-07-08T04:58:11","date_gmt":"2025-07-08T04:58:11","guid":{"rendered":"https:\/\/www.europesays.com\/de\/251120\/"},"modified":"2025-07-08T04:58:11","modified_gmt":"2025-07-08T04:58:11","slug":"ueberraschungsauftritt-heinz-hoenig-ploetzlich-zurueck-auf-dem-roten-teppich","status":"publish","type":"post","link":"https:\/\/www.europesays.com\/de\/251120\/","title":{"rendered":"\u00dcberraschungsauftritt: Heinz Hoenig pl\u00f6tzlich zur\u00fcck auf dem roten Teppich"},"content":{"rendered":"<p>Damit hat wohl keiner so schnell gerechnet: Heinz Hoenig lief am Montagabend (7. Juli) \u00fcber einen roten Teppich in Berlin.<\/p>\n<p>Nach schweren gesundheitlichen Problemen hat sich Heinz Hoenig nun endg\u00fcltig zur\u00fcck ins Leben gek\u00e4mpft. Der ehemalige Kult-Schauspieler ist am Montag \u00fcber den roten Teppich einer Emmy-Party in Berlin gelaufen.<\/p>\n<p><img decoding=\"async\" data-hk=\"009450a1902004010\" loading=\"lazy\"  src=\"https:\/\/www.europesays.com\/de\/wp-content\/uploads\/2025\/07\/95b2c716-ce63-4237-b2a4-81271e98b267.da2576af-cc34-4dc9-9398-4599b5079583.png\"  alt=\"Heinz Hoenig und Ehefrau Annika am Montag (7. Juli) in Berlin\" width=\"1084\" height=\"720\"\/> Heinz Hoenig und Ehefrau Annika am Montag (7. Juli) in Berlin  Imago Images Heinz Hoenigs R\u00fcckkehr auf den roten Teppich<\/p>\n<p>Nach 143 Tagen in der Klinik, einiger Zeit im Rollstuhl und einer Menge besorgten Fans \u00fcberrascht Heinz Hoenig am Montagabend alle. Er l\u00e4uft gemeinsam mit seiner <a href=\"https:\/\/www.focus.de\/kultur\/stars\/nach-gesundheits-drama-heinz-hoenig-und-frau-annika-haben-grund-zur-freude_53aa69b4-a912-4d41-8a11-6606ada82ede.html\" rel=\"follow nofollow noopener\" target=\"_self\">Ehefrau Annika, mit der er k\u00fcrlich ein Jubil\u00e4um feierte<\/a>, \u00fcber den roten Teppich einer Emmy-Party in Berlin. Die Jury des deutschsprachigen Raums traf sich, um ihre Stimmen abzugeben. Hoenig ist zwar kein Teil der Jury, war aber einer der geladenen G\u00e4ste.<\/p>\n<p>ANZEIGE<\/p>\n<p>Die Hoenigs begeistern in schwarzen Anz\u00fcgen. Elegant posierten sie auf den Treppen ihres Hotels und glitten durch die Menschenmenge am Berliner &#8222;Schlosshotel&#8220;. Auf den Bildern wirkt Heinz Hoenig fit \u2013 so hat man ihn in den letzten Monaten nie gesehen. &#8222;Meine Frau und ich machen uns hier einen sch\u00f6nen Abend. Ich lasse alles auf mich einwirken. Es ist ziemlich aufregend&#8220;, sagt er gegen\u00fcber &#8222;<a href=\"https:\/\/www.bild.de\/unterhaltung\/stars-und-leute\/heinz-hoenig-der-filmstar-tauchte-ueberraschend-bei-einer-party-auf-686bebc7a23e357ee08e7e80#\" rel=\"nofollow noopener\" target=\"_blank\">Bild<\/a>&#8220; am Rande des Tepppichs.<\/p>\n<p>ANZEIGE<\/p>\n<p>Er verdanke es seiner Frau, dass er an dem Abend wieder auf einem roten Teppich stehen kann. Und der ehemalige Filmstar ist emotional aufgel\u00f6st: &#8222;Nat\u00fcrlich bewegt mich das, ich bin nicht so cool.&#8220;<\/p>\n<p><a data-hk=\"031110\" data-qa-article-links-box-title-link=\"https:\/\/www.focus.de\/kultur\/stars\/true\" href=\"https:\/\/www.focus.de\/kultur\/stars\/\" rel=\"follow nofollow noopener\" target=\"_self\">Mehr aus dem Bereich Stars<\/a><a data-hk=\"031120\" data-qa-article-links-box-href=\"https:\/\/www.focus.de\/kultur\/stars\/true\" href=\"https:\/\/www.focus.de\/kultur\/stars\/marlene-lufen-spricht-offen-ueber-das-aelterwerden-denke-nicht-ueber-den-tod-nach_ff3dcfff-aec2-482d-9a76-f2f685de9f42.html\" rel=\"follow nofollow noopener\" target=\"_self\" class=\"LinkBox_Link row\"><\/p>\n<p>Marlene Lufen spricht offen \u00fcber das \u00c4lterwerden: &#8222;Denke nicht \u00fcber den Tod nach&#8220;<\/p>\n<p>Montag, 07.07.2025 | 22:27<\/a><a data-hk=\"031125\" data-qa-article-links-box-href=\"https:\/\/www.focus.de\/kultur\/stars\/true\" href=\"https:\/\/www.focus.de\/kultur\/stars\/vor-comeback-gegen-xavier-naidoo-laufen-weiterhin-zwei-ermittlungen_ad27c5ef-d15b-4087-879b-fdf41e724a4e.html\" rel=\"follow nofollow noopener\" target=\"_self\" class=\"LinkBox_Link row\"><\/p>\n<p>Gegen Xavier Naidoo laufen weiterhin zwei Ermittlungen<\/p>\n<p>Montag, 07.07.2025 | 19:53<\/a><a data-hk=\"03112a10\" data-qa-article-links-box-href=\"https:\/\/www.focus.de\/kultur\/stars\/true\" href=\"https:\/\/www.focus.de\/kultur\/stars\/starke-schmerzen-nach-hochzeit-mike-heiter-muss-zum-notarzt_7930490c-713e-481e-9830-d39111cc31dc.html\" rel=\"follow nofollow noopener\" target=\"_self\" class=\"LinkBox_Link row LinkBox_Link--Last-Visible\"><\/p>\n<p>Starke Schmerzen nach der Hochzeit: Mike Heiter muss zum Notarzt<\/p>\n<p>Montag, 07.07.2025 | 19:48<\/a><a data-hk=\"03112a15\" data-qa-article-links-box-href=\"https:\/\/www.focus.de\/kultur\/stars\/true\" href=\"https:\/\/www.focus.de\/kultur\/stars\/csd-auftritt-in-koeln-neue-vorwuerfe-gegen-culcha-candela_27cbbc06-d58a-4cd1-a44e-b96b689e432f.html\" rel=\"follow nofollow noopener\" target=\"_self\" class=\"LinkBox_Link row LinkBox_Link--Hidden\"><\/p>\n<p>Nach CSD-Auftritt: Erneute Vorw\u00fcrfe gegen Culcha Candela<\/p>\n<p>Montag, 07.07.2025 | 19:47<\/a><a data-hk=\"03112a20\" data-qa-article-links-box-href=\"https:\/\/www.focus.de\/kultur\/stars\/true\" href=\"https:\/\/www.focus.de\/kultur\/stars\/standing-ovations-diddy-wird-nach-urteil-im-knast-gefeiert_6c7711f6-b4dd-43e7-8fc5-8bd9af256f2b.html\" rel=\"follow nofollow noopener\" target=\"_self\" class=\"LinkBox_Link row LinkBox_Link--Hidden\"><\/p>\n<p>Standing Ovations im Knast: Diddy wird nach Urteil gefeiert<\/p>\n<p>Montag, 07.07.2025 | 19:46<\/a><a data-hk=\"03112a25\" data-qa-article-links-box-href=\"https:\/\/www.focus.de\/kultur\/stars\/true\" href=\"https:\/\/www.focus.de\/kultur\/stars\/angela-lanz-nimmt-neun-kilo-zu-und-ist-gluecklich-darueber_4ef2ba9e-29e6-458d-a14b-0df3db53fc11.html\" rel=\"follow nofollow noopener\" target=\"_self\" class=\"LinkBox_Link row LinkBox_Link--Hidden\"><\/p>\n<p>Neun Kilo mehr auf der Waage \u2013 Angela Lanz freut sich<\/p>\n<p>Montag, 07.07.2025 | 19:39<\/a><a data-hk=\"03112a30\" data-qa-article-links-box-href=\"https:\/\/www.focus.de\/kultur\/stars\/true\" href=\"https:\/\/www.focus.de\/kultur\/stars\/bundesministerin-dorothee-baer-zieht-im-dirndl-alle-blicke-auf-sich_f8ab4d3e-c81e-4009-8b10-267f8928490d.html\" rel=\"follow nofollow noopener\" target=\"_self\" class=\"LinkBox_Link row LinkBox_Link--Hidden\"><\/p>\n<p>Dorothee B\u00e4r zieht in Dirndl und High Heels alle Blicke auf sich<\/p>\n<p>Montag, 07.07.2025 | 19:31<\/a><a data-hk=\"03112a35\" data-qa-article-links-box-href=\"https:\/\/www.focus.de\/kultur\/stars\/true\" href=\"https:\/\/www.focus.de\/kultur\/stars\/tod-von-jota-bruder-fuehrt-zu-verwechslung-mit-bundesliga-star-ehefrau-klaert-auf_0a92c90d-7094-4df1-a58a-67a5cbcff300.html\" rel=\"follow nofollow noopener\" target=\"_self\" class=\"LinkBox_Link row LinkBox_Link--Hidden\"><\/p>\n<p>Tod von Jota-Bruder f\u00fchrt zu Verwechslung mit Bundesliga-Star \u2013 Ehefrau greift ein<\/p>\n<p>Montag, 07.07.2025 | 19:24<\/a><a data-hk=\"03112a40\" data-qa-article-links-box-href=\"https:\/\/www.focus.de\/kultur\/stars\/true\" href=\"https:\/\/www.focus.de\/kultur\/stars\/boris-becker-und-lilian-im-urlaub-und-der-babybauch-waechst-sichtbar_38699e22-5027-4626-baa1-8d310c34100b.html\" rel=\"follow nofollow noopener\" target=\"_self\" class=\"LinkBox_Link row LinkBox_Link--Hidden\"><\/p>\n<p>Boris Becker und Lilian im Urlaub \u2013 ihren Baby-Bauch kann man schon gut erkennen<\/p>\n<p>Montag, 07.07.2025 | 19:18<\/a><a data-hk=\"03112a45\" data-qa-article-links-box-href=\"https:\/\/www.focus.de\/kultur\/stars\/true\" href=\"https:\/\/www.focus.de\/kultur\/stars\/provokant-aktion-katja-krasavice-posiert-huellenlos-als-bundeskanzlerin_44476844-1457-4815-8233-9e049dd0a3a5.html\" rel=\"follow nofollow noopener\" target=\"_self\" class=\"LinkBox_Link row LinkBox_Link--Hidden\"><\/p>\n<p>Katja Krasavice posiert h\u00fcllenlos als &#8222;Bundeskanzlerin&#8220;<\/p>\n<p>Montag, 07.07.2025 | 19:18<\/a>Triumph f\u00fcr Heinz Hoenig<\/p>\n<p>Es ist ein ganz au\u00dfergew\u00f6hnlicher Moment f\u00fcr den &#8222;Das Boot&#8220;-Star. Im Mai 2024 wurde Heinz Hoenig wegen akuter Herzprobleme ins Krankenhaus eingeliefert. Bakterien hatten seine Speiser\u00f6hre gesch\u00e4digt, die entfernt werden musste. Nach 143 Tagen Intensivstation, inklusive Operationen, Koma und Reanimation, konnte er wieder nach Hause. Seitdem pflegt ihn seine Ehefrau Annika K\u00e4rsten-Hoenig.<\/p>\n<p>Auch seine Frau kann diesen Auftritt kaum fassen: &#8222;Es ist ein Wunder, dass wir hier sind. Ich liebe Heinz, er hat auch f\u00fcr unsere Kinder gek\u00e4mpft.&#8220;<\/p>\n","protected":false},"excerpt":{"rendered":"Damit hat wohl keiner so schnell gerechnet: Heinz Hoenig lief am Montagabend (7. Juli) \u00fcber einen roten Teppich&hellip;\n","protected":false},"author":2,"featured_media":251121,"comment_status":"","ping_status":"","sticky":false,"template":"","format":"standard","meta":{"footnotes":""},"categories":[1776],"tags":[1801,29,214,30,1802,215],"class_list":{"0":"post-251120","1":"post","2":"type-post","3":"status-publish","4":"format-standard","5":"has-post-thumbnail","7":"category-prominente","8":"tag-celebrities","9":"tag-deutschland","10":"tag-entertainment","11":"tag-germany","12":"tag-prominente","13":"tag-unterhaltung"},"share_on_mastodon":{"url":"https:\/\/pubeurope.com\/@de\/114815848038277181","error":""},"_links":{"self":[{"href":"https:\/\/www.europesays.com\/de\/wp-json\/wp\/v2\/posts\/251120","targetHints":{"allow":["GET"]}}],"collection":[{"href":"https:\/\/www.europesays.com\/de\/wp-json\/wp\/v2\/posts"}],"about":[{"href":"https:\/\/www.europesays.com\/de\/wp-json\/wp\/v2\/types\/post"}],"author":[{"embeddable":true,"href":"https:\/\/www.europesays.com\/de\/wp-json\/wp\/v2\/users\/2"}],"replies":[{"embeddable":true,"href":"https:\/\/www.europesays.com\/de\/wp-json\/wp\/v2\/comments?post=251120"}],"version-history":[{"count":0,"href":"https:\/\/www.europesays.com\/de\/wp-json\/wp\/v2\/posts\/251120\/revisions"}],"wp:featuredmedia":[{"embeddable":true,"href":"https:\/\/www.europesays.com\/de\/wp-json\/wp\/v2\/media\/251121"}],"wp:attachment":[{"href":"https:\/\/www.europesays.com\/de\/wp-json\/wp\/v2\/media?parent=251120"}],"wp:term":[{"taxonomy":"category","embeddable":true,"href":"https:\/\/www.europesays.com\/de\/wp-json\/wp\/v2\/categories?post=251120"},{"taxonomy":"post_tag","embeddable":true,"href":"https:\/\/www.europesays.com\/de\/wp-json\/wp\/v2\/tags?post=251120"}],"curies":[{"name":"wp","href":"https:\/\/api.w.org\/{rel}","templated":true}]}}