{"id":251125,"date":"2025-07-08T05:02:08","date_gmt":"2025-07-08T05:02:08","guid":{"rendered":"https:\/\/www.europesays.com\/de\/251125\/"},"modified":"2025-07-08T05:02:08","modified_gmt":"2025-07-08T05:02:08","slug":"mainfranken-mehr-und-mehr-krankmeldungen","status":"publish","type":"post","link":"https:\/\/www.europesays.com\/de\/251125\/","title":{"rendered":"Mainfranken: Mehr und mehr Krankmeldungen\u2026"},"content":{"rendered":"<p>Sind die Arbeitnehmer in der Region zu h\u00e4ufig krank? Laut einer aktuellen Umfrage der IHK W\u00fcrzburg-Schweinfurt hat die Zahl der Krankheitstage in den mainfr\u00e4nkischen Unternehmen in den letzten drei Jahren deutlich zugenommen.<\/p>\n<p>Eine ordentliche Belastung f\u00fcr die Betriebe \u2013 und damit auch f\u00fcr den Wirtschaftsstandort Mainfranken. Rund die H\u00e4lfte verzeichnet einen Anstieg der Krankmeldungen um mindestens 20 Prozent, von denen wiederum jedes vierte Unternehmen sogar von einem Zuwachs um mehr als 50 Prozent berichtet.<\/p>\n<p>Deshalb fordern die Betriebe in der Region jetzt Ma\u00dfnahmen, wie beispielsweise die Einf\u00fchrung eines Karenztages, f\u00fcr den es kein Geld gibt. Au\u00dferdem sprechen sie sich gegen die telefonische Krankschreibung aus.<\/p>\n<p>Laut IHK kann durch krankheitsbedingte Ausf\u00e4lle ein hoher wirtschaftlicher Schaden entstehen. Und dass sich nun immer mehr Besch\u00e4ftigte krankmelden, gef\u00e4hrdet langfristig die Wettbewerbsf\u00e4higkeit in der Region. Deswegen fordert die IHK die Politik dazu auf, schnellstm\u00f6glich zu handeln.<\/p>\n<p>Wie berichtet, waren die Arbeitnehmer in der Region laut AOK vor allem wegen Atemwegserkrankungen krankgeschrieben.<\/p>\n","protected":false},"excerpt":{"rendered":"Sind die Arbeitnehmer in der Region zu h\u00e4ufig krank? Laut einer aktuellen Umfrage der IHK W\u00fcrzburg-Schweinfurt hat die&hellip;\n","protected":false},"author":2,"featured_media":251126,"comment_status":"","ping_status":"","sticky":false,"template":"","format":"standard","meta":{"footnotes":""},"categories":[1772],"tags":[29,214,30,1779,810,2506,215],"class_list":{"0":"post-251125","1":"post","2":"type-post","3":"status-publish","4":"format-standard","5":"has-post-thumbnail","7":"category-musik","8":"tag-deutschland","9":"tag-entertainment","10":"tag-germany","11":"tag-music","12":"tag-musik","13":"tag-radio-radio-gong-wuerzburg-heimvorteil-musik","14":"tag-unterhaltung"},"share_on_mastodon":{"url":"https:\/\/pubeurope.com\/@de\/114815863584885253","error":""},"_links":{"self":[{"href":"https:\/\/www.europesays.com\/de\/wp-json\/wp\/v2\/posts\/251125","targetHints":{"allow":["GET"]}}],"collection":[{"href":"https:\/\/www.europesays.com\/de\/wp-json\/wp\/v2\/posts"}],"about":[{"href":"https:\/\/www.europesays.com\/de\/wp-json\/wp\/v2\/types\/post"}],"author":[{"embeddable":true,"href":"https:\/\/www.europesays.com\/de\/wp-json\/wp\/v2\/users\/2"}],"replies":[{"embeddable":true,"href":"https:\/\/www.europesays.com\/de\/wp-json\/wp\/v2\/comments?post=251125"}],"version-history":[{"count":0,"href":"https:\/\/www.europesays.com\/de\/wp-json\/wp\/v2\/posts\/251125\/revisions"}],"wp:featuredmedia":[{"embeddable":true,"href":"https:\/\/www.europesays.com\/de\/wp-json\/wp\/v2\/media\/251126"}],"wp:attachment":[{"href":"https:\/\/www.europesays.com\/de\/wp-json\/wp\/v2\/media?parent=251125"}],"wp:term":[{"taxonomy":"category","embeddable":true,"href":"https:\/\/www.europesays.com\/de\/wp-json\/wp\/v2\/categories?post=251125"},{"taxonomy":"post_tag","embeddable":true,"href":"https:\/\/www.europesays.com\/de\/wp-json\/wp\/v2\/tags?post=251125"}],"curies":[{"name":"wp","href":"https:\/\/api.w.org\/{rel}","templated":true}]}}