{"id":251142,"date":"2025-07-08T05:12:10","date_gmt":"2025-07-08T05:12:10","guid":{"rendered":"https:\/\/www.europesays.com\/de\/251142\/"},"modified":"2025-07-08T05:12:10","modified_gmt":"2025-07-08T05:12:10","slug":"wie-sara-melcher-aus-halle-in-die-kokain-sucht-rutschte","status":"publish","type":"post","link":"https:\/\/www.europesays.com\/de\/251142\/","title":{"rendered":"Wie Sara Melcher aus Halle in die Kokain-Sucht rutschte"},"content":{"rendered":"<p class=\"fp-paragraph\"> Sie ist weit vor der verabredeten Zeit am Treffpunkt. Sara Melcher setzt sich auf eine Bank und beobachtet Menschen, die in der Psychiatrischen Institutsambulanz der Uniklinik Halle ein- und ausgehen. Sie h\u00f6rt in sich hinein: Wie ist ihr Gef\u00fchl heute? Kann sie \u00fcber sich erz\u00e4hlen? Als sie sich sp\u00e4ter auf den Stuhl in einem  Beratungsraum setzt, sprudelt es  aus ihr heraus. Sie  erkl\u00e4rt, gestikuliert, ordnet ein,  l\u00e4sst tief in ihre Seele blicken. \u00dcber  20 Jahre lang war Melcher  in S\u00fcchten gefangen. Die  zierliche Frau soll hier anders hei\u00dfen. \u201eWer mich kennt, kennt meine Geschichte. Aber ich will Vorurteile vermeiden.\u201c Die 46-J\u00e4hrige hat erst im Fr\u00fchjahr ihren Entzug von Kokain geschafft. Ein Stoff, der sie  immer tiefer ins Chaos st\u00fcrzte \u2013 bis sie sich am Ende nicht mehr zurechtfand. <\/p>\n","protected":false},"excerpt":{"rendered":"Sie ist weit vor der verabredeten Zeit am Treffpunkt. Sara Melcher setzt sich auf eine Bank und beobachtet&hellip;\n","protected":false},"author":2,"featured_media":251143,"comment_status":"","ping_status":"","sticky":false,"template":"","format":"standard","meta":{"footnotes":""},"categories":[1860],"tags":[3364,29,548,663,3934,30,4062,17332,13,14,15,17331,860,12],"class_list":{"0":"post-251142","1":"post","2":"type-post","3":"status-publish","4":"format-standard","5":"has-post-thumbnail","7":"category-halle-saale","8":"tag-de","9":"tag-deutschland","10":"tag-eu","11":"tag-europa","12":"tag-europe","13":"tag-germany","14":"tag-halle","15":"tag-halle-saale","16":"tag-headlines","17":"tag-nachrichten","18":"tag-news","19":"tag-saale","20":"tag-sachsen-anhalt","21":"tag-schlagzeilen"},"share_on_mastodon":{"url":"https:\/\/pubeurope.com\/@de\/114815902900828421","error":""},"_links":{"self":[{"href":"https:\/\/www.europesays.com\/de\/wp-json\/wp\/v2\/posts\/251142","targetHints":{"allow":["GET"]}}],"collection":[{"href":"https:\/\/www.europesays.com\/de\/wp-json\/wp\/v2\/posts"}],"about":[{"href":"https:\/\/www.europesays.com\/de\/wp-json\/wp\/v2\/types\/post"}],"author":[{"embeddable":true,"href":"https:\/\/www.europesays.com\/de\/wp-json\/wp\/v2\/users\/2"}],"replies":[{"embeddable":true,"href":"https:\/\/www.europesays.com\/de\/wp-json\/wp\/v2\/comments?post=251142"}],"version-history":[{"count":0,"href":"https:\/\/www.europesays.com\/de\/wp-json\/wp\/v2\/posts\/251142\/revisions"}],"wp:featuredmedia":[{"embeddable":true,"href":"https:\/\/www.europesays.com\/de\/wp-json\/wp\/v2\/media\/251143"}],"wp:attachment":[{"href":"https:\/\/www.europesays.com\/de\/wp-json\/wp\/v2\/media?parent=251142"}],"wp:term":[{"taxonomy":"category","embeddable":true,"href":"https:\/\/www.europesays.com\/de\/wp-json\/wp\/v2\/categories?post=251142"},{"taxonomy":"post_tag","embeddable":true,"href":"https:\/\/www.europesays.com\/de\/wp-json\/wp\/v2\/tags?post=251142"}],"curies":[{"name":"wp","href":"https:\/\/api.w.org\/{rel}","templated":true}]}}