{"id":251156,"date":"2025-07-08T05:19:13","date_gmt":"2025-07-08T05:19:13","guid":{"rendered":"https:\/\/www.europesays.com\/de\/251156\/"},"modified":"2025-07-08T05:19:13","modified_gmt":"2025-07-08T05:19:13","slug":"mehr-als-100-temposuender-bei-kontrolle-in-wiesbaden-erwischt","status":"publish","type":"post","link":"https:\/\/www.europesays.com\/de\/251156\/","title":{"rendered":"Mehr als 100 Tempos\u00fcnder bei Kontrolle in Wiesbaden erwischt"},"content":{"rendered":"<p>In der Nacht von Samstag (5. Juli) auf Sonntag f\u00fchrten Polizisten des Regionalen Verkehrsdienstes eine Geschwindigkeitskontrolle auf der Mainzer Stra\u00dfe in Wiesbaden durch. <\/p>\n<p>Zwischen 20 Uhr und 2:10 Uhr gingen ihnen dabei zahlreiche Tempos\u00fcnder ins Netz. Insgesamt wurden 108 Autofahrer geblitzt, weil sie zu schnell unterwegs waren.<\/p>\n<p>Die meisten Verst\u00f6\u00dfe lagen im Verwarngeldbereich: 85 Personen m\u00fcssen mit einem geringeren Bu\u00dfgeld rechnen. 23 Fahrer waren so schnell, dass ein h\u00f6heres Bu\u00dfgeld f\u00e4llig wird. F\u00fcr drei von ihnen hat das besonders ernste Konsequenzen: Sie waren so schnell, dass ihnen ein Fahrverbot droht.<\/p>\n<p>Den Rekord stellte in dieser Nacht ein Audi-A3-Fahrer auf. Er wurde mit 108 km\/h gemessen. Daf\u00fcr erwarten ihn ein Bu\u00dfgeld von 560 Euro, zwei Punkte in Flensburg und zwei Monate Fahrverbot. <\/p>\n","protected":false},"excerpt":{"rendered":"In der Nacht von Samstag (5. Juli) auf Sonntag f\u00fchrten Polizisten des Regionalen Verkehrsdienstes eine Geschwindigkeitskontrolle auf der&hellip;\n","protected":false},"author":2,"featured_media":251157,"comment_status":"","ping_status":"","sticky":false,"template":"","format":"standard","meta":{"footnotes":""},"categories":[1847],"tags":[3364,29,548,663,3934,30,13,2052,14,15,12,4544],"class_list":{"0":"post-251156","1":"post","2":"type-post","3":"status-publish","4":"format-standard","5":"has-post-thumbnail","7":"category-wiesbaden","8":"tag-de","9":"tag-deutschland","10":"tag-eu","11":"tag-europa","12":"tag-europe","13":"tag-germany","14":"tag-headlines","15":"tag-hessen","16":"tag-nachrichten","17":"tag-news","18":"tag-schlagzeilen","19":"tag-wiesbaden"},"share_on_mastodon":{"url":"https:\/\/pubeurope.com\/@de\/114815930650334668","error":""},"_links":{"self":[{"href":"https:\/\/www.europesays.com\/de\/wp-json\/wp\/v2\/posts\/251156","targetHints":{"allow":["GET"]}}],"collection":[{"href":"https:\/\/www.europesays.com\/de\/wp-json\/wp\/v2\/posts"}],"about":[{"href":"https:\/\/www.europesays.com\/de\/wp-json\/wp\/v2\/types\/post"}],"author":[{"embeddable":true,"href":"https:\/\/www.europesays.com\/de\/wp-json\/wp\/v2\/users\/2"}],"replies":[{"embeddable":true,"href":"https:\/\/www.europesays.com\/de\/wp-json\/wp\/v2\/comments?post=251156"}],"version-history":[{"count":0,"href":"https:\/\/www.europesays.com\/de\/wp-json\/wp\/v2\/posts\/251156\/revisions"}],"wp:featuredmedia":[{"embeddable":true,"href":"https:\/\/www.europesays.com\/de\/wp-json\/wp\/v2\/media\/251157"}],"wp:attachment":[{"href":"https:\/\/www.europesays.com\/de\/wp-json\/wp\/v2\/media?parent=251156"}],"wp:term":[{"taxonomy":"category","embeddable":true,"href":"https:\/\/www.europesays.com\/de\/wp-json\/wp\/v2\/categories?post=251156"},{"taxonomy":"post_tag","embeddable":true,"href":"https:\/\/www.europesays.com\/de\/wp-json\/wp\/v2\/tags?post=251156"}],"curies":[{"name":"wp","href":"https:\/\/api.w.org\/{rel}","templated":true}]}}