{"id":251159,"date":"2025-07-08T05:21:26","date_gmt":"2025-07-08T05:21:26","guid":{"rendered":"https:\/\/www.europesays.com\/de\/251159\/"},"modified":"2025-07-08T05:21:26","modified_gmt":"2025-07-08T05:21:26","slug":"verlieren-die-rhein-neckar-loewen-appelgren-und-martinovic-vorzeitig-handball","status":"publish","type":"post","link":"https:\/\/www.europesays.com\/de\/251159\/","title":{"rendered":"Verlieren die Rhein-Neckar L\u00f6wen Appelgren und Martinovic vorzeitig? &#8211; Handball"},"content":{"rendered":"<p><b\/>One Veszpr\u00e9m HC aus <a class=\"rtr-entity\" data-rtr-entity=\"Ungarn\" data-rtr-id=\"41dfbf923ebda28f8a595cac25fa7e183398cb16\" data-rtr-score=\"7.1105769230769225\" data-rtr-etype=\"location\" data-rtr-index=\"8\" href=\"https:\/\/www.rheinpfalz.de\/themen\/ungarn?utm_source=rheinpfalz.de&amp;utm_medium=tms&amp;utm_campaign=intext\" rel=\"nofollow noopener\" target=\"_blank\">Ungarn<\/a> ist Medienberichten zufolge  daran interessiert, R\u00fcckraumspieler Ivan Martinovic (27) und Torh\u00fcter <a class=\"rtr-entity\" data-rtr-entity=\"Mikael Appelgren\" data-rtr-id=\"4cc3bb9baff98a015e0afc2dcfb6aba89c036f9e\" data-rtr-score=\"65.76923076923077\" data-rtr-etype=\"person\" data-rtr-index=\"1\" href=\"https:\/\/www.rheinpfalz.de\/themen\/mikael-appelgren?utm_source=rheinpfalz.de&amp;utm_medium=tms&amp;utm_campaign=intext\" rel=\"nofollow noopener\" target=\"_blank\">Mikael Appelgren<\/a> (35) sofort zu verpflichten. Beide Spieler haben bei dem Bundesligisten  noch einen Vertrag bis 2026. So w\u00e4ren Abl\u00f6sesummen f\u00e4llig. Veszpr\u00e9m  will partout die Champions League gewinnen. Martinovic kam im vergangenen Jahr von der MT Melsungen und schlug toll ein. Appelgren ist eine L\u00f6wen-Legende, er war schon dabei, als der Klub 2016 die erste Meisterschaft holte. <\/p>\n","protected":false},"excerpt":{"rendered":"One Veszpr\u00e9m HC aus Ungarn ist Medienberichten zufolge daran interessiert, R\u00fcckraumspieler Ivan Martinovic (27) und Torh\u00fcter Mikael Appelgren&hellip;\n","protected":false},"author":2,"featured_media":251160,"comment_status":"","ping_status":"","sticky":false,"template":"","format":"standard","meta":{"footnotes":""},"categories":[1845],"tags":[1634,3364,29,548,663,3934,30,1391,13,77131,4060,2096,77132,14,15,11660,12,501,9386],"class_list":{"0":"post-251159","1":"post","2":"type-post","3":"status-publish","4":"format-standard","5":"has-post-thumbnail","7":"category-mannheim","8":"tag-baden-wuerttemberg","9":"tag-de","10":"tag-deutschland","11":"tag-eu","12":"tag-europa","13":"tag-europe","14":"tag-germany","15":"tag-handball","16":"tag-headlines","17":"tag-ivan-martinovic","18":"tag-lokal","19":"tag-mannheim","20":"tag-mikael-appelgren","21":"tag-nachrichten","22":"tag-news","23":"tag-rhein-neckar-loewen","24":"tag-schlagzeilen","25":"tag-ungarn","26":"tag-veszprem"},"share_on_mastodon":{"url":"https:\/\/pubeurope.com\/@de\/114815938370162237","error":""},"_links":{"self":[{"href":"https:\/\/www.europesays.com\/de\/wp-json\/wp\/v2\/posts\/251159","targetHints":{"allow":["GET"]}}],"collection":[{"href":"https:\/\/www.europesays.com\/de\/wp-json\/wp\/v2\/posts"}],"about":[{"href":"https:\/\/www.europesays.com\/de\/wp-json\/wp\/v2\/types\/post"}],"author":[{"embeddable":true,"href":"https:\/\/www.europesays.com\/de\/wp-json\/wp\/v2\/users\/2"}],"replies":[{"embeddable":true,"href":"https:\/\/www.europesays.com\/de\/wp-json\/wp\/v2\/comments?post=251159"}],"version-history":[{"count":0,"href":"https:\/\/www.europesays.com\/de\/wp-json\/wp\/v2\/posts\/251159\/revisions"}],"wp:featuredmedia":[{"embeddable":true,"href":"https:\/\/www.europesays.com\/de\/wp-json\/wp\/v2\/media\/251160"}],"wp:attachment":[{"href":"https:\/\/www.europesays.com\/de\/wp-json\/wp\/v2\/media?parent=251159"}],"wp:term":[{"taxonomy":"category","embeddable":true,"href":"https:\/\/www.europesays.com\/de\/wp-json\/wp\/v2\/categories?post=251159"},{"taxonomy":"post_tag","embeddable":true,"href":"https:\/\/www.europesays.com\/de\/wp-json\/wp\/v2\/tags?post=251159"}],"curies":[{"name":"wp","href":"https:\/\/api.w.org\/{rel}","templated":true}]}}