{"id":251217,"date":"2025-07-08T05:54:17","date_gmt":"2025-07-08T05:54:17","guid":{"rendered":"https:\/\/www.europesays.com\/de\/251217\/"},"modified":"2025-07-08T05:54:17","modified_gmt":"2025-07-08T05:54:17","slug":"essen-im-ohr-bombenentschaerfer-frank-stommel-im-podcast","status":"publish","type":"post","link":"https:\/\/www.europesays.com\/de\/251217\/","title":{"rendered":"&#8222;Essen im Ohr&#8220;: Bombenentsch\u00e4rfer Frank Stommel im Podcast"},"content":{"rendered":"<p>Feuerwerker Frank Stommel im Radio Essen-Podcast<\/p>\n<p>Das B-Wort gilt bei uns in der Radioredaktion als Ungl\u00fcckswort. Wenn wir es zu oft sagen, kommt die n\u00e4chste Entsch\u00e4rfung bestimmt sehr bald, hei\u00dft es bei Radio Essen. Darauf k\u00f6nnen wir heute keine R\u00fccksicht nehmen, denn wir haben einen bombenm\u00e4\u00dfigen Gast in unserer aktuellen Podcast-Folge von Essen im Ohr: Den Entsch\u00e4rfer Frank Stommel. In dieser Ausgabe wird das B-Wort zwangsl\u00e4ufig ein paar Mal fallen.<\/p>\n<p>Frank Stommel ist seit Anfang 2025 im Ruhestand. In seiner aktiven Zeit hat er alleine in Essen um die 200 Blindg\u00e4nger aus dem zweiten Weltkrieg entsch\u00e4rft. Im Moment f\u00fchlt es sich f\u00fcr den gelernten Tischler noch nach Urlaub an, an den Ruhestand gew\u00f6hnt hat er sich noch nicht. Mit uns hat er gesprochen \u00fcber seine Faszination f\u00fcr Munition, wie verr\u00fcckt man sein muss, um Entsch\u00e4rfer zu werden und warum er eigentlich jede gefundene Bombe in Essen sprengen m\u00fcsste.<\/p>\n<blockquote><p>&#8222;Wir sollen ja eigentlich sprengen, das ist die erste Wahl, wir sollen ja nicht entsch\u00e4rfen. Weil man kennt den Zustand innerhalb der Bombe nicht [&#8230;] und deswegen hat man uns angewiesen, wir sollten eigentlich, erste Wahl sprengen. Aber wenn ich jede Bombe in Essen sprengen w\u00fcrde &#8211; irgendwann lassen die uns nicht mehr rein.&#8220;<\/p><\/blockquote>\n<p><a href=\"https:\/\/www.radioessen.de\/externalimages\/?source=jpg532\/entschaerfer.jpg&amp;dt=202305232102140&amp;resize=768x1024\" data-caption=\"So sehen gl\u00fcckliche Entsch\u00e4rfer aus! Adis Kalic und Frank Stommel (v.l.n.r.) vor der entsch\u00e4rften Bombe.\" itemprop=\"contentUrl\" data-size=\"768x1024\" target=\"_blank\" rel=\"noopener\"><img decoding=\"async\" alt=\"\" src=\"https:\/\/www.europesays.com\/de\/wp-content\/uploads\/2025\/07\/entschaerfer.jpg&#038;crop=0x115x768x480&#038;resize=768x480&#038;dt=202305232102140.jpeg\" data-size=\"768x480\"\/><\/a>So sehen gl\u00fcckliche Entsch\u00e4rfer aus! Adis Kalic und Frank Stommel (v.l.n.r.) vor der entsch\u00e4rften Bombe.\u00a9 Christoph Ri\u00dfe \/Radio Essen<\/p>\n<p>So sehen gl\u00fcckliche Entsch\u00e4rfer aus! Adis Kalic und Frank Stommel (v.l.n.r.) vor der entsch\u00e4rften Bombe.<\/p>\n<p>\u00a9 Christoph Ri\u00dfe \/Radio EssenNeue Folge &#8222;Essen im Ohr&#8220;: Feuerwerker und Entsch\u00e4rfer Frank Stommel gibt Einblicke in die Arbeit am Blindg\u00e4nger<\/p>\n<p>In der neuen Podcast-Folge lernen wir Frank Stommel besser kennen. Er erz\u00e4hlt, wie er als Tischler angefangen und dann bei der Bundeswehr seine Faszination f\u00fcr Munition entdeckt hat. Privat, wie im Beruf, strahlt Frank Stommel eine unglaubliche Ruhe aus. Seine Hobbys sind Angeln und Landschaftsfotografie, daf\u00fcr braucht es genauso ruhige H\u00e4nde wie bei der Entsch\u00e4rfung eines Blindg\u00e4ngers aus dem zweiten Weltkrieg.<\/p>\n<p>Bei Essen im Ohr &#8211; Menschen verr\u00e4t er, dass er, wenn es mal wieder l\u00e4nger gedauert hat mit einer Entsch\u00e4rfung, bis zu 2 Liter Kaffee getrunken hat und sehr dankbar war, wenn die Feuerwehr oder Hilfsorganisationen die Gulaschkanone ausgepackt haben.<\/p>\n<p>Das und noch viel mehr Einblicke in die Arbeit hinter der Bombenentsch\u00e4rfung gibt es in der kompletten Folge &#8211; \u00fcberall da, wo es Podcasts gibt!<\/p>\n<p>\nThis browser does not support Iframe\n<\/p>\n<p>Eure Meinung zu &#8222;Essen im Ohr&#8220;<\/p>\n<p>Euch hat die Folge &#8222;Essen im Ohr&#8220; gefallen? Dann lasst gerne eine Bewertung da und abonniert den Podcast, um keine neue Folge zu verpassen. Unseren Podcast gibt es immer Dienstags, zuh\u00f6ren auf Eurer Lieblings-Podcast-Plattform. Ihr wollt selbst mal einen Gast f\u00fcr das neue Format mit den Kategorien Gesundheit, Sport und Mensch vorschlagen? Ihr m\u00f6chtet Lob oder Kritik loswerden? Dann meldet Euch gerne bei uns per E-Mail an podcast@radioessen.de. <\/p>\n<p>Hier gibt es noch mehr Folgen &#8222;Essen im Ohr&#8220;Kennt Ihr schon alle Radio Essen-Podcasts?<img loading=\"lazy\" decoding=\"async\" src=\"https:\/\/www.europesays.com\/de\/wp-content\/uploads\/2025\/07\/86163c0303dc4db596b3dea88cbd8f66.gif\" width=\"1\" height=\"1\" alt=\"\"\/><\/p>\n","protected":false},"excerpt":{"rendered":"Feuerwerker Frank Stommel im Radio Essen-Podcast Das B-Wort gilt bei uns in der Radioredaktion als Ungl\u00fcckswort. Wenn wir&hellip;\n","protected":false},"author":2,"featured_media":251218,"comment_status":"","ping_status":"","sticky":false,"template":"","format":"standard","meta":{"footnotes":""},"categories":[1834],"tags":[9508,77144,36559,77145,56331,3364,29,3688,30,1209,2043],"class_list":{"0":"post-251217","1":"post","2":"type-post","3":"status-publish","4":"format-standard","5":"has-post-thumbnail","7":"category-essen","8":"tag-blindgnger","9":"tag-entschrfer","10":"tag-essen-im-ohr","11":"tag-frank-stommel","12":"tag-bombenentschrfung","13":"tag-de","14":"tag-deutschland","15":"tag-essen","16":"tag-germany","17":"tag-nordrhein-westfalen","18":"tag-podcast"},"share_on_mastodon":{"url":"https:\/\/pubeurope.com\/@de\/114816068438988966","error":""},"_links":{"self":[{"href":"https:\/\/www.europesays.com\/de\/wp-json\/wp\/v2\/posts\/251217","targetHints":{"allow":["GET"]}}],"collection":[{"href":"https:\/\/www.europesays.com\/de\/wp-json\/wp\/v2\/posts"}],"about":[{"href":"https:\/\/www.europesays.com\/de\/wp-json\/wp\/v2\/types\/post"}],"author":[{"embeddable":true,"href":"https:\/\/www.europesays.com\/de\/wp-json\/wp\/v2\/users\/2"}],"replies":[{"embeddable":true,"href":"https:\/\/www.europesays.com\/de\/wp-json\/wp\/v2\/comments?post=251217"}],"version-history":[{"count":0,"href":"https:\/\/www.europesays.com\/de\/wp-json\/wp\/v2\/posts\/251217\/revisions"}],"wp:featuredmedia":[{"embeddable":true,"href":"https:\/\/www.europesays.com\/de\/wp-json\/wp\/v2\/media\/251218"}],"wp:attachment":[{"href":"https:\/\/www.europesays.com\/de\/wp-json\/wp\/v2\/media?parent=251217"}],"wp:term":[{"taxonomy":"category","embeddable":true,"href":"https:\/\/www.europesays.com\/de\/wp-json\/wp\/v2\/categories?post=251217"},{"taxonomy":"post_tag","embeddable":true,"href":"https:\/\/www.europesays.com\/de\/wp-json\/wp\/v2\/tags?post=251217"}],"curies":[{"name":"wp","href":"https:\/\/api.w.org\/{rel}","templated":true}]}}