{"id":251221,"date":"2025-07-08T05:56:10","date_gmt":"2025-07-08T05:56:10","guid":{"rendered":"https:\/\/www.europesays.com\/de\/251221\/"},"modified":"2025-07-08T05:56:10","modified_gmt":"2025-07-08T05:56:10","slug":"witten-welche-zukunftsfragen-bewegen-die-jugend","status":"publish","type":"post","link":"https:\/\/www.europesays.com\/de\/251221\/","title":{"rendered":"Witten: Welche Zukunftsfragen bewegen die Jugend?"},"content":{"rendered":"<p class=\"small date article__date\">Ver\u00f6ffentlicht:\u00a0Dienstag, 08.07.2025 07:35<\/p>\n<p>Das m\u00f6chte jetzt das Kinder- und Jugendb\u00fcro &#8222;Eckpunkt&#8220; herausfinden. Die Ergebnisse pr\u00e4sentiert es dann kurz vor den Kommunalwahlen.\u00a0<\/p>\n<p><img decoding=\"async\" alt=\"\" src=\"https:\/\/www.europesays.com\/de\/wp-content\/uploads\/2025\/07\/fotolia_78593844_s_copyright.jpg&#038;crop=0x42x849x531&#038;resize=849x531&#038;dt=201907091458420.jpeg\" data-size=\"849x531\"\/>\u00a9 yanlev &#8211; Fotolia<\/p>\n<p>Das Projekt l\u00e4uft in mehreren Phasen ab. Junge Menschen sollen zun\u00e4chst f\u00fcnf Zukunftsfragen erarbeiten, die sie besch\u00e4ftigen. Danach geht es darum, wie wichtig ihnen die Themen sind. Daf\u00fcr gibt es in der n\u00e4chsten Phase zu jeder Frage einen Ball, auf den sie dr\u00fccken k\u00f6nnen. Die B\u00e4lle sind drei Wochen lang im &#8222;Eckpunkt&#8220; offen zug\u00e4nglich. Je fester die jungen Besucher dr\u00fccken, desto wichtiger ist ihnen das Thema. Eine Elektronik misst das.<\/p>\n<p>Kontakt: Petra.linden@stadt-witten.de Tel. 02302 581 5252, Instagram.com\/deineplatte<\/p>\n<p>Die Veranstaltung wird gef\u00f6rdert vom Kultursekretariat NRW G\u00fctersloh und durch das Ministerium f\u00fcr Kultur und Wissenschaft des Landes Nordrhein-Westfalen.<\/p>\n<p><script async src=\"\/\/www.instagram.com\/embed.js\"><\/script><\/p>\n","protected":false},"excerpt":{"rendered":"Ver\u00f6ffentlicht:\u00a0Dienstag, 08.07.2025 07:35 Das m\u00f6chte jetzt das Kinder- und Jugendb\u00fcro &#8222;Eckpunkt&#8220; herausfinden. Die Ergebnisse pr\u00e4sentiert es dann kurz&hellip;\n","protected":false},"author":2,"featured_media":251222,"comment_status":"","ping_status":"","sticky":false,"template":"","format":"standard","meta":{"footnotes":""},"categories":[1833],"tags":[77146,3275,3364,29,217,30,1635,1209,1889],"class_list":{"0":"post-251221","1":"post","2":"type-post","3":"status-publish","4":"format-standard","5":"has-post-thumbnail","7":"category-dortmund","8":"tag-eckpunkt","9":"tag-lokalnachrichten","10":"tag-de","11":"tag-deutschland","12":"tag-dortmund","13":"tag-germany","14":"tag-jugend","15":"tag-nordrhein-westfalen","16":"tag-zukunft"},"share_on_mastodon":{"url":"https:\/\/pubeurope.com\/@de\/114816076061047593","error":""},"_links":{"self":[{"href":"https:\/\/www.europesays.com\/de\/wp-json\/wp\/v2\/posts\/251221","targetHints":{"allow":["GET"]}}],"collection":[{"href":"https:\/\/www.europesays.com\/de\/wp-json\/wp\/v2\/posts"}],"about":[{"href":"https:\/\/www.europesays.com\/de\/wp-json\/wp\/v2\/types\/post"}],"author":[{"embeddable":true,"href":"https:\/\/www.europesays.com\/de\/wp-json\/wp\/v2\/users\/2"}],"replies":[{"embeddable":true,"href":"https:\/\/www.europesays.com\/de\/wp-json\/wp\/v2\/comments?post=251221"}],"version-history":[{"count":0,"href":"https:\/\/www.europesays.com\/de\/wp-json\/wp\/v2\/posts\/251221\/revisions"}],"wp:featuredmedia":[{"embeddable":true,"href":"https:\/\/www.europesays.com\/de\/wp-json\/wp\/v2\/media\/251222"}],"wp:attachment":[{"href":"https:\/\/www.europesays.com\/de\/wp-json\/wp\/v2\/media?parent=251221"}],"wp:term":[{"taxonomy":"category","embeddable":true,"href":"https:\/\/www.europesays.com\/de\/wp-json\/wp\/v2\/categories?post=251221"},{"taxonomy":"post_tag","embeddable":true,"href":"https:\/\/www.europesays.com\/de\/wp-json\/wp\/v2\/tags?post=251221"}],"curies":[{"name":"wp","href":"https:\/\/api.w.org\/{rel}","templated":true}]}}