{"id":251231,"date":"2025-07-08T06:02:10","date_gmt":"2025-07-08T06:02:10","guid":{"rendered":"https:\/\/www.europesays.com\/de\/251231\/"},"modified":"2025-07-08T06:02:10","modified_gmt":"2025-07-08T06:02:10","slug":"s-bahnverkehr-region-stuttgart-signalstoerung-in-korntal-bringt-drei-linien-aus-dem-takt","status":"publish","type":"post","link":"https:\/\/www.europesays.com\/de\/251231\/","title":{"rendered":"S-Bahnverkehr Region Stuttgart: Signalst\u00f6rung in Korntal bringt drei Linien aus dem Takt"},"content":{"rendered":"<p>\t\t\t\t\t\t\t\t\t\t\t\t\t\t\t\t\t\t\t\t\t\t\t\t\t\t\t\t      \t\t            \t\t             \t\t\t\t   \t\t\t\t\t   <img decoding=\"async\" id=\"article-image\" fetchpriority=\"high\" alt=\"S-Bahnverkehr Region Stuttgart: Signalst\u00f6rung in Korntal bringt drei Linien aus dem Takt\" title=\"S-Bahnverkehr Region Stuttgart: Signalst\u00f6rung in Korntal bringt drei Linien aus dem Takt\" src=\"https:\/\/www.europesays.com\/de\/wp-content\/uploads\/2025\/07\/media.media.eb19618f-b14c-40d7-970b-d76faad4e568.16x9_700.jpg\" data-linkto=\"https:\/\/www.stuttgarter-nachrichten.de\/javascript:void(0);\"\/>\t\t\t\t\t\t\t\t\t\t\t\t\t\t\t\t\t\t\t\t\t\t\t\tEine Signalst\u00f6rung bringt am Dienstagmorgen drei S-Bahnlinien aus dem Takt. (Symbolbild)\u00a0Foto: dpa\t\t\t<\/p>\n<p>Ein defektes Signal sorgt momentan bei den S-Bahnlinien S6, S60 und S62 f\u00fcr Versp\u00e4tungen und Ausf\u00e4lle. Was bislang bekannt ist.<\/p>\n<p>Eine Signalst\u00f6rung in <a href=\"https:\/\/www.stuttgarter-nachrichten.de\/thema\/Korntal\" title=\"Korntal\" class=\"art_thema\" rel=\"nofollow noopener\" target=\"_blank\">Korntal<\/a> bringt am Dienstagmorgen die S-Bahnlinien S6, S60 und S62 aus dem Takt.<\/p>\n<p>Wie der VVS auf seiner St\u00f6rungsseite berichtet, kam es am Morgen zu der St\u00f6rung, die durch ein defektes Signal im Bereich Korntal ausgel\u00f6st wurde. Demnach kommt es bei besagten Linien auf der Strecke zwischen Korntal und Zuffenhausen zu Versp\u00e4tungen sowie Ausf\u00e4llen. <\/p>\n<p>Wie viele S-Bahnen welcher Linie aktuell versp\u00e4tet sind oder ausfallen, zeigt unsere Tabelle. Wir werten daf\u00fcr Echtzeitdaten aus, die Tabelle aktualisiert sich automatisch alle zehn Minuten. Klicken Sie auf eine der Linien, um Details zu erfahren:<\/p>\n<p>Der VVS empfiehlt Pendlern und Reisenden, auf die Lautsprecheransagen und Anzeigen an den Bahnsteigen zu achten sowie die Reiseverbindung online zu pr\u00fcfen.<\/p>\n","protected":false},"excerpt":{"rendered":"Eine Signalst\u00f6rung bringt am Dienstagmorgen drei S-Bahnlinien aus dem Takt. (Symbolbild)\u00a0Foto: dpa Ein defektes Signal sorgt momentan bei&hellip;\n","protected":false},"author":2,"featured_media":251232,"comment_status":"","ping_status":"","sticky":false,"template":"","format":"standard","meta":{"footnotes":""},"categories":[1830],"tags":[1634,3364,29,30,6597,65574,1949,5721,2783,1441,9962],"class_list":{"0":"post-251231","1":"post","2":"type-post","3":"status-publish","4":"format-standard","5":"has-post-thumbnail","7":"category-stuttgart","8":"tag-baden-wuerttemberg","9":"tag-de","10":"tag-deutschland","11":"tag-germany","12":"tag-infografik","13":"tag-korntal","14":"tag-s-bahn","15":"tag-s-bahn-stuttgart","16":"tag-signalstoerung","17":"tag-stuttgart","18":"tag-stuttgart-zuffenhausen"},"share_on_mastodon":{"url":"https:\/\/pubeurope.com\/@de\/114816099686283941","error":""},"_links":{"self":[{"href":"https:\/\/www.europesays.com\/de\/wp-json\/wp\/v2\/posts\/251231","targetHints":{"allow":["GET"]}}],"collection":[{"href":"https:\/\/www.europesays.com\/de\/wp-json\/wp\/v2\/posts"}],"about":[{"href":"https:\/\/www.europesays.com\/de\/wp-json\/wp\/v2\/types\/post"}],"author":[{"embeddable":true,"href":"https:\/\/www.europesays.com\/de\/wp-json\/wp\/v2\/users\/2"}],"replies":[{"embeddable":true,"href":"https:\/\/www.europesays.com\/de\/wp-json\/wp\/v2\/comments?post=251231"}],"version-history":[{"count":0,"href":"https:\/\/www.europesays.com\/de\/wp-json\/wp\/v2\/posts\/251231\/revisions"}],"wp:featuredmedia":[{"embeddable":true,"href":"https:\/\/www.europesays.com\/de\/wp-json\/wp\/v2\/media\/251232"}],"wp:attachment":[{"href":"https:\/\/www.europesays.com\/de\/wp-json\/wp\/v2\/media?parent=251231"}],"wp:term":[{"taxonomy":"category","embeddable":true,"href":"https:\/\/www.europesays.com\/de\/wp-json\/wp\/v2\/categories?post=251231"},{"taxonomy":"post_tag","embeddable":true,"href":"https:\/\/www.europesays.com\/de\/wp-json\/wp\/v2\/tags?post=251231"}],"curies":[{"name":"wp","href":"https:\/\/api.w.org\/{rel}","templated":true}]}}