{"id":251354,"date":"2025-07-08T07:12:11","date_gmt":"2025-07-08T07:12:11","guid":{"rendered":"https:\/\/www.europesays.com\/de\/251354\/"},"modified":"2025-07-08T07:12:11","modified_gmt":"2025-07-08T07:12:11","slug":"niedersachsen-bremen-kein-badewetter-fuer-den-start-in-die-sommerferien","status":"publish","type":"post","link":"https:\/\/www.europesays.com\/de\/251354\/","title":{"rendered":"Niedersachsen &#038; Bremen: Kein Badewetter f\u00fcr den Start in die Sommerferien"},"content":{"rendered":"<p>                    Niedersachsen &amp; Bremen<br \/>\n                Kein Badewetter f\u00fcr den Start in die Sommerferien<\/p>\n<p>\t\t\t\t              08.07.2025, 07:52 Uhr<\/p>\n<p><strong>Das sommerliche Wetter l\u00e4sst in der ersten Ferienwoche noch zu w\u00fcnschen \u00fcbrig. Begleitet von Schauern und Wolken bleibt es meistens bei Temperaturen um die 20 Grad. Donnerstag wird es etwas w\u00e4rmer.<\/strong><\/p>\n<p>Hannover\/ Bremen (dpa\/lni) &#8211; Die erste Woche der Sommerferien in Niedersachsen und Bremen h\u00e4lt nicht das beste Freibadwetter bereit: In den n\u00e4chsten drei Tagen werden immer wieder Schauer erwartet und meist Temperaturen um die 20 Grad, wie der Deutsche Wetterdienst mitteilte.<\/p>\n<p>Heute bleibt es stark bew\u00f6lkt mit vereinzelt leichten Schauern und H\u00f6chsttemperaturen um die 20 Grad, auf den Inseln etwas k\u00e4lter. In der Nacht zum Mittwoch liegen die Tiefsttemperaturen an der See um 15 Grad, sonst kann es bis 11 Grad abk\u00fchlen.<\/p>\n<p>Am Mittwoch lassen die Regenschauer etwas nach und es soll heiter bis wolkig bei 21 bis 23 Grad werden, auf den Inseln um die 19 Grad. Die Nacht zum Donnerstag soll trocken bleiben, morgens werden Werte um die zehn Grad bei schwachem Wind erwartet. Im Tagesverlauf steigen die Temperaturen auf bis zu 24 Grad an der Grenze zu Sachsen-Anhalt. Es bleibt trotzdem stark bew\u00f6lkt, an den K\u00fcsten weht ein m\u00e4\u00dfiger Nordwestwind.<\/p>\n","protected":false},"excerpt":{"rendered":"Niedersachsen &amp; Bremen Kein Badewetter f\u00fcr den Start in die Sommerferien 08.07.2025, 07:52 Uhr Das sommerliche Wetter l\u00e4sst&hellip;\n","protected":false},"author":2,"featured_media":251355,"comment_status":"","ping_status":"","sticky":false,"template":"","format":"standard","meta":{"footnotes":""},"categories":[1824],"tags":[77176,2420,3364,29,30,3755,1411,11290,4454],"class_list":{"0":"post-251354","1":"post","2":"type-post","3":"status-publish","4":"format-standard","5":"has-post-thumbnail","7":"category-bremen","8":"tag-badewetter","9":"tag-bremen","10":"tag-de","11":"tag-deutschland","12":"tag-germany","13":"tag-kein","14":"tag-niedersachsen","15":"tag-sommerferien","16":"tag-start"},"share_on_mastodon":{"url":"https:\/\/pubeurope.com\/@de\/114816374740423382","error":""},"_links":{"self":[{"href":"https:\/\/www.europesays.com\/de\/wp-json\/wp\/v2\/posts\/251354","targetHints":{"allow":["GET"]}}],"collection":[{"href":"https:\/\/www.europesays.com\/de\/wp-json\/wp\/v2\/posts"}],"about":[{"href":"https:\/\/www.europesays.com\/de\/wp-json\/wp\/v2\/types\/post"}],"author":[{"embeddable":true,"href":"https:\/\/www.europesays.com\/de\/wp-json\/wp\/v2\/users\/2"}],"replies":[{"embeddable":true,"href":"https:\/\/www.europesays.com\/de\/wp-json\/wp\/v2\/comments?post=251354"}],"version-history":[{"count":0,"href":"https:\/\/www.europesays.com\/de\/wp-json\/wp\/v2\/posts\/251354\/revisions"}],"wp:featuredmedia":[{"embeddable":true,"href":"https:\/\/www.europesays.com\/de\/wp-json\/wp\/v2\/media\/251355"}],"wp:attachment":[{"href":"https:\/\/www.europesays.com\/de\/wp-json\/wp\/v2\/media?parent=251354"}],"wp:term":[{"taxonomy":"category","embeddable":true,"href":"https:\/\/www.europesays.com\/de\/wp-json\/wp\/v2\/categories?post=251354"},{"taxonomy":"post_tag","embeddable":true,"href":"https:\/\/www.europesays.com\/de\/wp-json\/wp\/v2\/tags?post=251354"}],"curies":[{"name":"wp","href":"https:\/\/api.w.org\/{rel}","templated":true}]}}